{"id":998696,"date":"2026-02-18T14:04:00","date_gmt":"2026-02-18T13:04:00","guid":{"rendered":"https:\/\/ekonomik.opole.pl\/eko3\/?p=998696"},"modified":"2026-02-23T14:12:36","modified_gmt":"2026-02-23T13:12:36","slug":"jacek-i-lukasz-w-gronie-najlepszych-mlodych-programistow-w-polsce","status":"publish","type":"post","link":"http:\/\/ekonomik.opole.pl\/eko3\/jacek-i-lukasz-w-gronie-najlepszych-mlodych-programistow-w-polsce\/","title":{"rendered":"Jacek i \u0141ukasz w gronie najlepszych m\u0142odych programist\u00f3w w Polsce!"},"content":{"rendered":"<div class=\"vgblk-rw-wrapper limit-wrapper\">\n<p><strong>Jacek Dombrowski i \u0141ukasz Piechaczek<\/strong>\u00a0z klasy 4 ucz\u0105cych si\u0119 w zawodzie technik programista reprezentuj\u0105 nasz\u0105 szko\u0142\u0119 w II etapie XXXIII Olimpiady Informatycznej we Wroc\u0142awiu!\u00a0<\/p>\n\n\n\n<p>W dniach 17\u201319 lutego nasi uczniowie walcz\u0105 o awans do fina\u0142u, mierz\u0105c si\u0119 z trudnymi zadaniami algorytmicznymi. To trzy dni pe\u0142ne skupienia, kodowania i logicznych wyzwa\u0144.<\/p>\n\n\n\n<p><strong>Dlaczego to takie wa\u017cne?<\/strong>&nbsp;Olimpiada Informatyczna to konkurs o najwy\u017cszej randze w Polsce. To tutaj rodz\u0105 si\u0119 talenty, kt\u00f3re p\u00f3\u017aniej podbijaj\u0105 \u015bwiatowe firmy technologiczne i wygrywaj\u0105 mi\u0119dzynarodowe zawody programistyczne. By\u0107 w II etapie to ju\u017c ogromny sukces i dow\u00f3d na niezwyk\u0142e umiej\u0119tno\u015bci!<\/p>\n\n\n\n<p>Finali\u015bci i laureaci OI maj\u0105 otwarte drzwi na najbardziej presti\u017cowe kierunki informatyczne w Polsce bez procesu rekrutacji!\u00a0<\/p>\n\n\n\n<p>Jacku, \u0141ukaszu \u2013 gratulujemy dotychczasowego sukcesu i \u017cyczymy powodzenia w obecnych zmaganiach! Dajcie z siebie wszystko!\u00a0<\/p>\n\n\n\n<p>Opiekun merytoryczny: dr in\u017c. Piotr Dzierwa<\/p>\n\n\n\n<p>Wyniki 1 etapu:&nbsp;<a rel=\"noreferrer noopener\" target=\"_blank\" href=\"https:\/\/oi.edu.pl\/l\/33oi_1etap_wyniki\/\">https:\/\/oi.edu.pl\/l\/33oi_1etap_wyniki\/<\/a>&nbsp;<\/p>\n<\/div><!-- .vgblk-rw-wrapper -->","protected":false},"excerpt":{"rendered":"<p>Jacek Dombrowski i \u0141ukasz Piechaczek\u00a0z klasy 4 ucz\u0105cych si\u0119 w zawodzie technik programista reprezentuj\u0105 nasz\u0105 szko\u0142\u0119 w II etapie XXXIII Olimpiady Informatycznej we Wroc\u0142awiu!\u00a0 W dniach 17\u201319 lutego nasi uczniowie walcz\u0105 o awans do fina\u0142u, mierz\u0105c si\u0119 z trudnymi zadaniami algorytmicznymi. To trzy dni pe\u0142ne skupienia, kodowania i logicznych wyzwa\u0144. Dlaczego to takie wa\u017cne?&nbsp;Olimpiada Informatyczna&#8230;<\/p>\n","protected":false},"author":6,"featured_media":998698,"comment_status":"open","ping_status":"open","sticky":false,"template":"","format":"standard","meta":{"inline_featured_image":false},"categories":[186,90],"tags":[],"_links":{"self":[{"href":"http:\/\/ekonomik.opole.pl\/eko3\/wp-json\/wp\/v2\/posts\/998696"}],"collection":[{"href":"http:\/\/ekonomik.opole.pl\/eko3\/wp-json\/wp\/v2\/posts"}],"about":[{"href":"http:\/\/ekonomik.opole.pl\/eko3\/wp-json\/wp\/v2\/types\/post"}],"author":[{"embeddable":true,"href":"http:\/\/ekonomik.opole.pl\/eko3\/wp-json\/wp\/v2\/users\/6"}],"replies":[{"embeddable":true,"href":"http:\/\/ekonomik.opole.pl\/eko3\/wp-json\/wp\/v2\/comments?post=998696"}],"version-history":[{"count":1,"href":"http:\/\/ekonomik.opole.pl\/eko3\/wp-json\/wp\/v2\/posts\/998696\/revisions"}],"predecessor-version":[{"id":998699,"href":"http:\/\/ekonomik.opole.pl\/eko3\/wp-json\/wp\/v2\/posts\/998696\/revisions\/998699"}],"wp:featuredmedia":[{"embeddable":true,"href":"http:\/\/ekonomik.opole.pl\/eko3\/wp-json\/wp\/v2\/media\/998698"}],"wp:attachment":[{"href":"http:\/\/ekonomik.opole.pl\/eko3\/wp-json\/wp\/v2\/media?parent=998696"}],"wp:term":[{"taxonomy":"category","embeddable":true,"href":"http:\/\/ekonomik.opole.pl\/eko3\/wp-json\/wp\/v2\/categories?post=998696"},{"taxonomy":"post_tag","embeddable":true,"href":"http:\/\/ekonomik.opole.pl\/eko3\/wp-json\/wp\/v2\/tags?post=998696"}],"curies":[{"name":"wp","href":"https:\/\/api.w.org\/{rel}","templated":true}]}}