{"id":998702,"date":"2026-02-18T14:40:00","date_gmt":"2026-02-18T13:40:00","guid":{"rendered":"https:\/\/ekonomik.opole.pl\/eko3\/?p=998702"},"modified":"2026-02-23T14:42:50","modified_gmt":"2026-02-23T13:42:50","slug":"bracia-lukasik-na-podium-konkursu-cyberwzmacniacz","status":"publish","type":"post","link":"http:\/\/ekonomik.opole.pl\/eko3\/bracia-lukasik-na-podium-konkursu-cyberwzmacniacz\/","title":{"rendered":"Bracia \u0141ukasik na podium konkursu #cyberwzmacniacz"},"content":{"rendered":"<div class=\"vgblk-rw-wrapper limit-wrapper\">\n<p>3. miejsce w og\u00f3lnopolskim konkursie <a href=\"https:\/\/www.facebook.com\/hashtag\/cyberwzmacniacz?__eep__=6&amp;__cft__[0]=AZZl7Hprf1LXT9ya_rlUm8uDe4wJxBTH-GDiaWA1CJ0RbMvwj501iJgzv-pz1w07tMDiWXhORwMDDI3mdK6EOz-DC7JjlWF02YTFIUgXi1y8Z16EzfJlrfSVoC0VWMDJ190uJz4QmiN3LBh5VK741Yd54D49Y5fc_oRYjjjro1AT6sfycmxEv5UcLkbzlMe10-Y&amp;__tn__=*NK-R\">#cyberwzmacniacz<\/a> Fundacji Komputronik \u2013 konsekwencja, kompetencje i konkret w dzia\u0142aniu.<\/p>\n\n\n\n<p>Remigiusz i Bartosz \u0141ukasik, uczniowie klasy 4 w zawodzie technik programista, zaj\u0119li 3. miejsce w og\u00f3lnopolskim konkursie <a href=\"https:\/\/www.facebook.com\/hashtag\/cyberwzmacniacz?__eep__=6&amp;__cft__[0]=AZZl7Hprf1LXT9ya_rlUm8uDe4wJxBTH-GDiaWA1CJ0RbMvwj501iJgzv-pz1w07tMDiWXhORwMDDI3mdK6EOz-DC7JjlWF02YTFIUgXi1y8Z16EzfJlrfSVoC0VWMDJ190uJz4QmiN3LBh5VK741Yd54D49Y5fc_oRYjjjro1AT6sfycmxEv5UcLkbzlMe10-Y&amp;__tn__=*NK-R\">#cyberwzmacniacz<\/a> organizowanym przez Fundacj\u0119 Komputronik<\/p>\n\n\n\n<p>.<a rel=\"noreferrer noopener\" href=\"https:\/\/fundacjakomputronik.pl\/konkurs-cyberwzmacniacz\/?fbclid=IwZXh0bgNhZW0CMTAAYnJpZBEwQ1lWN2tKbjVlVks3RFE3c3NydGMGYXBwX2lkEDIyMjAzOTE3ODgyMDA4OTIAAR6B2U4zDJEIGtXM2QEWLLZWrVBpM2KOjXWUUKlutu34WvVRbocIjehu4HJkDQ_aem_Eyc1BQzt5qhj2oPNbEvF-A\" target=\"_blank\">https:\/\/fundacjakomputronik.pl\/konkurs-cyberwzmacniacz\/<\/a><\/p>\n\n\n\n<p>Konkurs promuje rozw\u00f3j kompetencji cyfrowych, \u015bwiadome korzystanie z technologii oraz odpowiedzialno\u015b\u0107 w cyberprzestrzeni. <\/p>\n\n\n\n<p>Opiekunem zespo\u0142u by\u0142 dr in\u017c. Piotr Dzierwa.<\/p>\n\n\n\n<p>Fot. Emanuel Bryla<\/p>\n<\/div><!-- .vgblk-rw-wrapper -->","protected":false},"excerpt":{"rendered":"<p>3. miejsce w og\u00f3lnopolskim konkursie #cyberwzmacniacz Fundacji Komputronik \u2013 konsekwencja, kompetencje i konkret w dzia\u0142aniu. Remigiusz i Bartosz \u0141ukasik, uczniowie klasy 4 w zawodzie technik programista, zaj\u0119li 3. miejsce w og\u00f3lnopolskim konkursie #cyberwzmacniacz organizowanym przez Fundacj\u0119 Komputronik .https:\/\/fundacjakomputronik.pl\/konkurs-cyberwzmacniacz\/ Konkurs promuje rozw\u00f3j kompetencji cyfrowych, \u015bwiadome korzystanie z technologii oraz odpowiedzialno\u015b\u0107 w cyberprzestrzeni. Opiekunem zespo\u0142u by\u0142 dr&#8230;<\/p>\n","protected":false},"author":6,"featured_media":998703,"comment_status":"open","ping_status":"open","sticky":false,"template":"","format":"standard","meta":{"inline_featured_image":false},"categories":[186,90],"tags":[],"_links":{"self":[{"href":"http:\/\/ekonomik.opole.pl\/eko3\/wp-json\/wp\/v2\/posts\/998702"}],"collection":[{"href":"http:\/\/ekonomik.opole.pl\/eko3\/wp-json\/wp\/v2\/posts"}],"about":[{"href":"http:\/\/ekonomik.opole.pl\/eko3\/wp-json\/wp\/v2\/types\/post"}],"author":[{"embeddable":true,"href":"http:\/\/ekonomik.opole.pl\/eko3\/wp-json\/wp\/v2\/users\/6"}],"replies":[{"embeddable":true,"href":"http:\/\/ekonomik.opole.pl\/eko3\/wp-json\/wp\/v2\/comments?post=998702"}],"version-history":[{"count":1,"href":"http:\/\/ekonomik.opole.pl\/eko3\/wp-json\/wp\/v2\/posts\/998702\/revisions"}],"predecessor-version":[{"id":998704,"href":"http:\/\/ekonomik.opole.pl\/eko3\/wp-json\/wp\/v2\/posts\/998702\/revisions\/998704"}],"wp:featuredmedia":[{"embeddable":true,"href":"http:\/\/ekonomik.opole.pl\/eko3\/wp-json\/wp\/v2\/media\/998703"}],"wp:attachment":[{"href":"http:\/\/ekonomik.opole.pl\/eko3\/wp-json\/wp\/v2\/media?parent=998702"}],"wp:term":[{"taxonomy":"category","embeddable":true,"href":"http:\/\/ekonomik.opole.pl\/eko3\/wp-json\/wp\/v2\/categories?post=998702"},{"taxonomy":"post_tag","embeddable":true,"href":"http:\/\/ekonomik.opole.pl\/eko3\/wp-json\/wp\/v2\/tags?post=998702"}],"curies":[{"name":"wp","href":"https:\/\/api.w.org\/{rel}","templated":true}]}}