{"id":998812,"date":"2026-03-12T16:45:00","date_gmt":"2026-03-12T15:45:00","guid":{"rendered":"https:\/\/ekonomik.opole.pl\/eko3\/?p=998812"},"modified":"2026-03-15T18:51:02","modified_gmt":"2026-03-15T17:51:02","slug":"nasz-ekonomista-w-finale-olimpiady-przedsiebiorczosci","status":"publish","type":"post","link":"http:\/\/ekonomik.opole.pl\/eko3\/nasz-ekonomista-w-finale-olimpiady-przedsiebiorczosci\/","title":{"rendered":"Nasz ekonomista w finale Olimpiady Przedsi\u0119biorczo\u015bci"},"content":{"rendered":"<div class=\"vgblk-rw-wrapper limit-wrapper\">\n<p>W dniu 6 marca bie\u017c\u0105cego roku, w murach Uniwersytetu Ekonomicznego we Wroc\u0142awiu, odby\u0142 si\u0119 etap okr\u0119gowy&nbsp;<strong>XXI&nbsp; Olimpiady Przedsi\u0119biorczo\u015bci &#8211; Biznes i Zarz\u0105dzanie<\/strong>.&nbsp;W\u015br\u00f3d&nbsp;202 uczestnik\u00f3w nasz\u0105 szko\u0142\u0119 reprezentowa\u0142o&nbsp;siedmiu&nbsp;uczni\u00f3w: Nikola Majchrzak (2c), Kacper Brzozowski (3a), Szymon Fulneczek (3c), Tomasz Dobosz (4c), Franciszek Zimnowoda (4c), Laura Mazur (5d) oraz Piotr Skrzyniarz (5d).&nbsp;&nbsp;<\/p>\n\n\n\n<p>Uczestnicy Olimpiady Przedsi\u0119biorczo\u015bci walcz\u0105 o indeksy&nbsp;najwi\u0119kszych uczelni&nbsp;ekonomicznych w kraju (Szko\u0142y&nbsp;G\u0142\u00f3wnej&nbsp;Handlowej&nbsp;w Warszawie,&nbsp;Uniwersytetu&nbsp;Ekonomicznego&nbsp;w Katowicach, Krakowie, Poznaniu i Wroc\u0142awiu) oraz&nbsp;atrakcyjne nagrody rzeczowe. Olimpiada jest&nbsp;wsp\u00f3\u0142organizowana przez&nbsp;Fundacj\u0119&nbsp;Promocji i Akredytacji Kierunk\u00f3w&nbsp;Ekonomicznych.\u202f&nbsp;<\/p>\n\n\n\n<p>Po napisaniu testu sprawdzaj\u0105cego wiedz\u0119 uczestnik\u00f3w og\u0142oszona zosta\u0142a lista 30 os\u00f3b zakwalifikowanych do kolejnej, ustnej&nbsp;cz\u0119\u015bci zmaga\u0144 olimpijskich. Na li\u015bcie tej znale\u017ali si\u0119 Tomasz Dobosz i Kacper Brzozowski.&nbsp;Ostatecznie to&nbsp;w\u0142a\u015bnie&nbsp;<strong>Kacprowi Brzozowskiemu<\/strong>&nbsp;uda\u0142o si\u0119 zakwalifikowa\u0107 do etapu centralnego tej olimpiady, kt\u00f3ry&nbsp;odb\u0119dzie&nbsp;si\u0119 9 kwietnia 2026 r. w Warszawie.&nbsp;&nbsp;<\/p>\n\n\n\n<p>Opiekunem merytorycznym m\u0142odzie\u017cy by\u0142a Pani Ma\u0142gorzata Radziszewska.&nbsp;<\/p>\n<\/div><!-- .vgblk-rw-wrapper -->","protected":false},"excerpt":{"rendered":"<p>W dniu 6 marca bie\u017c\u0105cego roku, w murach Uniwersytetu Ekonomicznego we Wroc\u0142awiu, odby\u0142 si\u0119 etap okr\u0119gowy&nbsp;XXI&nbsp; Olimpiady Przedsi\u0119biorczo\u015bci &#8211; Biznes i Zarz\u0105dzanie.&nbsp;W\u015br\u00f3d&nbsp;202 uczestnik\u00f3w nasz\u0105 szko\u0142\u0119 reprezentowa\u0142o&nbsp;siedmiu&nbsp;uczni\u00f3w: Nikola Majchrzak (2c), Kacper Brzozowski (3a), Szymon Fulneczek (3c), Tomasz Dobosz (4c), Franciszek Zimnowoda (4c), Laura Mazur (5d) oraz Piotr Skrzyniarz (5d).&nbsp;&nbsp; Uczestnicy Olimpiady Przedsi\u0119biorczo\u015bci walcz\u0105 o indeksy&nbsp;najwi\u0119kszych uczelni&nbsp;ekonomicznych&#8230;<\/p>\n","protected":false},"author":6,"featured_media":998814,"comment_status":"open","ping_status":"open","sticky":false,"template":"","format":"standard","meta":{"inline_featured_image":false},"categories":[87,186],"tags":[],"_links":{"self":[{"href":"http:\/\/ekonomik.opole.pl\/eko3\/wp-json\/wp\/v2\/posts\/998812"}],"collection":[{"href":"http:\/\/ekonomik.opole.pl\/eko3\/wp-json\/wp\/v2\/posts"}],"about":[{"href":"http:\/\/ekonomik.opole.pl\/eko3\/wp-json\/wp\/v2\/types\/post"}],"author":[{"embeddable":true,"href":"http:\/\/ekonomik.opole.pl\/eko3\/wp-json\/wp\/v2\/users\/6"}],"replies":[{"embeddable":true,"href":"http:\/\/ekonomik.opole.pl\/eko3\/wp-json\/wp\/v2\/comments?post=998812"}],"version-history":[{"count":1,"href":"http:\/\/ekonomik.opole.pl\/eko3\/wp-json\/wp\/v2\/posts\/998812\/revisions"}],"predecessor-version":[{"id":998815,"href":"http:\/\/ekonomik.opole.pl\/eko3\/wp-json\/wp\/v2\/posts\/998812\/revisions\/998815"}],"wp:featuredmedia":[{"embeddable":true,"href":"http:\/\/ekonomik.opole.pl\/eko3\/wp-json\/wp\/v2\/media\/998814"}],"wp:attachment":[{"href":"http:\/\/ekonomik.opole.pl\/eko3\/wp-json\/wp\/v2\/media?parent=998812"}],"wp:term":[{"taxonomy":"category","embeddable":true,"href":"http:\/\/ekonomik.opole.pl\/eko3\/wp-json\/wp\/v2\/categories?post=998812"},{"taxonomy":"post_tag","embeddable":true,"href":"http:\/\/ekonomik.opole.pl\/eko3\/wp-json\/wp\/v2\/tags?post=998812"}],"curies":[{"name":"wp","href":"https:\/\/api.w.org\/{rel}","templated":true}]}}