{"id":998820,"date":"2026-03-16T20:40:59","date_gmt":"2026-03-16T19:40:59","guid":{"rendered":"https:\/\/ekonomik.opole.pl\/eko3\/?p=998820"},"modified":"2026-03-16T20:41:01","modified_gmt":"2026-03-16T19:41:01","slug":"nasi-graficy-z-indeksami-politechniki-warszawskiej","status":"publish","type":"post","link":"http:\/\/ekonomik.opole.pl\/eko3\/nasi-graficy-z-indeksami-politechniki-warszawskiej\/","title":{"rendered":"Nasi graficy z indeksami Politechniki Warszawskiej!"},"content":{"rendered":"<div class=\"vgblk-rw-wrapper limit-wrapper\">\n<p>W dniu 13 marca trzyosobowa reprezentacja uczni\u00f3w klasy 3B w zawodzie technik grafiki i poligrafii cyfrowej w sk\u0142adzie: Emilia Olczyk, Antoni Wo\u0142czyk oraz Miko\u0142aj Warcho\u0142 uda\u0142a si\u0119 pod opiek\u0105 pana Mateusza Berlika na fina\u0142 X edycji Og\u00f3lnopolskiego Konkursu Poligraficznego.<\/p>\n\n\n\n<p>Uczniowie naszej szko\u0142y znale\u017ali si\u0119 w gronie 69 os\u00f3b, kt\u00f3re zosta\u0142y wy\u0142onione z blisko 820 uczni\u00f3w z ca\u0142ej Polski, co mo\u017cna uzna\u0107 za bardzo du\u017cy sukces.<\/p>\n\n\n\n<p>Program wydarzenia obejmowa\u0142 rozwi\u0105zanie testu przez uczestnik\u00f3w, zwiedzanie Zak\u0142adu Technologii Poligraficznych Wydzia\u0142u Mechanicznego Technologicznego Politechniki Warszawskiej oraz cz\u0119\u015b\u0107 oficjaln\u0105, podczas kt\u00f3rej g\u0142os zabierali przedstawiciele firm poligraficznych oraz Prezes Polskiej Izby Druku.<\/p>\n\n\n\n<p>Pi\u0105tek trzynastego, wbrew przes\u0105dom, okaza\u0142 si\u0119 dla naszych grafik\u00f3w wyj\u0105tkowo szcz\u0119\u015bliwy, poniewa\u017c z trojga uczestnik\u00f3w fina\u0142u a\u017c dwoje \u2013 Emilia Olczyk oraz Antoni Wo\u0142czyk \u2013 zosta\u0142o finalistami konkursu, a co za tym idzie, otrzymali oni indeksy Politechniki Warszawskiej, uprawniaj\u0105ce ich do podj\u0119cia studi\u00f3w na kierunkach oferowanych przez Zak\u0142ad Technologii Poligraficznych. Warto podkre\u015bli\u0107, \u017ce Antoni i Emilia byli jedynymi uczniami klas trzecich (pozostali wyr\u00f3\u017cnieni to czwarto- oraz pi\u0105toklasi\u015bci), kt\u00f3rzy znale\u017ali si\u0119 w fina\u0142owej dziewi\u0119tnastce. Trzeci z uczestnik\u00f3w \u2013 Miko\u0142aj Warcho\u0142 \u2013 otrzyma\u0142 certyfikat uczestnictwa w finale.<\/p>\n\n\n\n<p>Serdecznie gratulujemy ca\u0142ej tr\u00f3jce udzia\u0142u w etapie fina\u0142owym oraz osi\u0105gni\u0119tych rezultat\u00f3w i \u017cyczymy kolejnych sukces\u00f3w.<\/p>\n\n\n\n<p>Opiekunowie merytoryczni: mgr Mateusz Berlik oraz dr in\u017c. Piotr Dzierwa<\/p>\n\n\n\n<figure class=\"wp-block-gallery columns-4 is-cropped\"><ul class=\"blocks-gallery-grid\"><li class=\"blocks-gallery-item\"><figure><a href=\"http:\/\/ekonomik.opole.pl\/eko3\/wp-content\/uploads\/2026\/03\/xfokp_02.webp\"><img loading=\"lazy\" width=\"1024\" height=\"801\" src=\"http:\/\/ekonomik.opole.pl\/eko3\/wp-content\/uploads\/2026\/03\/xfokp_02-1024x801.webp\" alt=\"\" data-id=\"998822\" data-full-url=\"http:\/\/ekonomik.opole.pl\/eko3\/wp-content\/uploads\/2026\/03\/xfokp_02.webp\" data-link=\"https:\/\/ekonomik.opole.pl\/eko3\/?attachment_id=998822\" class=\"wp-image-998822\" srcset=\"http:\/\/ekonomik.opole.pl\/eko3\/wp-content\/uploads\/2026\/03\/xfokp_02-1024x801.webp 1024w, http:\/\/ekonomik.opole.pl\/eko3\/wp-content\/uploads\/2026\/03\/xfokp_02-300x235.webp 300w, http:\/\/ekonomik.opole.pl\/eko3\/wp-content\/uploads\/2026\/03\/xfokp_02-768x601.webp 768w, http:\/\/ekonomik.opole.pl\/eko3\/wp-content\/uploads\/2026\/03\/xfokp_02-1536x1202.webp 1536w, http:\/\/ekonomik.opole.pl\/eko3\/wp-content\/uploads\/2026\/03\/xfokp_02-1360x1064.webp 1360w, http:\/\/ekonomik.opole.pl\/eko3\/wp-content\/uploads\/2026\/03\/xfokp_02-680x532.webp 680w, http:\/\/ekonomik.opole.pl\/eko3\/wp-content\/uploads\/2026\/03\/xfokp_02.webp 1600w\" sizes=\"(max-width: 1024px) 100vw, 1024px\" \/><\/a><\/figure><\/li><li class=\"blocks-gallery-item\"><figure><a href=\"http:\/\/ekonomik.opole.pl\/eko3\/wp-content\/uploads\/2026\/03\/xfokp_03.webp\"><img loading=\"lazy\" width=\"1024\" height=\"801\" src=\"http:\/\/ekonomik.opole.pl\/eko3\/wp-content\/uploads\/2026\/03\/xfokp_03-1024x801.webp\" alt=\"\" data-id=\"998823\" data-full-url=\"http:\/\/ekonomik.opole.pl\/eko3\/wp-content\/uploads\/2026\/03\/xfokp_03.webp\" data-link=\"https:\/\/ekonomik.opole.pl\/eko3\/?attachment_id=998823\" class=\"wp-image-998823\" srcset=\"http:\/\/ekonomik.opole.pl\/eko3\/wp-content\/uploads\/2026\/03\/xfokp_03-1024x801.webp 1024w, http:\/\/ekonomik.opole.pl\/eko3\/wp-content\/uploads\/2026\/03\/xfokp_03-300x235.webp 300w, http:\/\/ekonomik.opole.pl\/eko3\/wp-content\/uploads\/2026\/03\/xfokp_03-768x601.webp 768w, http:\/\/ekonomik.opole.pl\/eko3\/wp-content\/uploads\/2026\/03\/xfokp_03-1536x1202.webp 1536w, http:\/\/ekonomik.opole.pl\/eko3\/wp-content\/uploads\/2026\/03\/xfokp_03-1360x1064.webp 1360w, http:\/\/ekonomik.opole.pl\/eko3\/wp-content\/uploads\/2026\/03\/xfokp_03-680x532.webp 680w, http:\/\/ekonomik.opole.pl\/eko3\/wp-content\/uploads\/2026\/03\/xfokp_03.webp 1600w\" sizes=\"(max-width: 1024px) 100vw, 1024px\" \/><\/a><\/figure><\/li><li class=\"blocks-gallery-item\"><figure><a href=\"http:\/\/ekonomik.opole.pl\/eko3\/wp-content\/uploads\/2026\/03\/xfokp_04.webp\"><img loading=\"lazy\" width=\"1024\" height=\"801\" src=\"http:\/\/ekonomik.opole.pl\/eko3\/wp-content\/uploads\/2026\/03\/xfokp_04-1024x801.webp\" alt=\"\" data-id=\"998824\" data-full-url=\"http:\/\/ekonomik.opole.pl\/eko3\/wp-content\/uploads\/2026\/03\/xfokp_04.webp\" data-link=\"https:\/\/ekonomik.opole.pl\/eko3\/?attachment_id=998824\" class=\"wp-image-998824\" srcset=\"http:\/\/ekonomik.opole.pl\/eko3\/wp-content\/uploads\/2026\/03\/xfokp_04-1024x801.webp 1024w, http:\/\/ekonomik.opole.pl\/eko3\/wp-content\/uploads\/2026\/03\/xfokp_04-300x235.webp 300w, http:\/\/ekonomik.opole.pl\/eko3\/wp-content\/uploads\/2026\/03\/xfokp_04-768x601.webp 768w, http:\/\/ekonomik.opole.pl\/eko3\/wp-content\/uploads\/2026\/03\/xfokp_04-1536x1202.webp 1536w, http:\/\/ekonomik.opole.pl\/eko3\/wp-content\/uploads\/2026\/03\/xfokp_04-1360x1064.webp 1360w, http:\/\/ekonomik.opole.pl\/eko3\/wp-content\/uploads\/2026\/03\/xfokp_04-680x532.webp 680w, http:\/\/ekonomik.opole.pl\/eko3\/wp-content\/uploads\/2026\/03\/xfokp_04.webp 1600w\" sizes=\"(max-width: 1024px) 100vw, 1024px\" \/><\/a><\/figure><\/li><li class=\"blocks-gallery-item\"><figure><a href=\"http:\/\/ekonomik.opole.pl\/eko3\/wp-content\/uploads\/2026\/03\/xfokp_05.webp\"><img loading=\"lazy\" width=\"1024\" height=\"801\" src=\"http:\/\/ekonomik.opole.pl\/eko3\/wp-content\/uploads\/2026\/03\/xfokp_05-1024x801.webp\" alt=\"\" data-id=\"998825\" data-full-url=\"http:\/\/ekonomik.opole.pl\/eko3\/wp-content\/uploads\/2026\/03\/xfokp_05.webp\" data-link=\"https:\/\/ekonomik.opole.pl\/eko3\/?attachment_id=998825\" class=\"wp-image-998825\" srcset=\"http:\/\/ekonomik.opole.pl\/eko3\/wp-content\/uploads\/2026\/03\/xfokp_05-1024x801.webp 1024w, http:\/\/ekonomik.opole.pl\/eko3\/wp-content\/uploads\/2026\/03\/xfokp_05-300x235.webp 300w, http:\/\/ekonomik.opole.pl\/eko3\/wp-content\/uploads\/2026\/03\/xfokp_05-768x601.webp 768w, http:\/\/ekonomik.opole.pl\/eko3\/wp-content\/uploads\/2026\/03\/xfokp_05-1536x1202.webp 1536w, http:\/\/ekonomik.opole.pl\/eko3\/wp-content\/uploads\/2026\/03\/xfokp_05-1360x1064.webp 1360w, http:\/\/ekonomik.opole.pl\/eko3\/wp-content\/uploads\/2026\/03\/xfokp_05-680x532.webp 680w, http:\/\/ekonomik.opole.pl\/eko3\/wp-content\/uploads\/2026\/03\/xfokp_05.webp 1600w\" sizes=\"(max-width: 1024px) 100vw, 1024px\" \/><\/a><\/figure><\/li><\/ul><\/figure>\n\n\n\n<p>Fot. Mateusz Berlik<\/p>\n<\/div><!-- .vgblk-rw-wrapper -->","protected":false},"excerpt":{"rendered":"<p>W dniu 13 marca trzyosobowa reprezentacja uczni\u00f3w klasy 3B w zawodzie technik grafiki i poligrafii cyfrowej w sk\u0142adzie: Emilia Olczyk, Antoni Wo\u0142czyk oraz Miko\u0142aj Warcho\u0142 uda\u0142a si\u0119 pod opiek\u0105 pana Mateusza Berlika na fina\u0142 X edycji Og\u00f3lnopolskiego Konkursu Poligraficznego. Uczniowie naszej szko\u0142y znale\u017ali si\u0119 w gronie 69 os\u00f3b, kt\u00f3re zosta\u0142y wy\u0142onione z blisko 820 uczni\u00f3w&#8230;<\/p>\n","protected":false},"author":6,"featured_media":998821,"comment_status":"open","ping_status":"open","sticky":false,"template":"","format":"standard","meta":{"inline_featured_image":false},"categories":[88,186],"tags":[],"_links":{"self":[{"href":"http:\/\/ekonomik.opole.pl\/eko3\/wp-json\/wp\/v2\/posts\/998820"}],"collection":[{"href":"http:\/\/ekonomik.opole.pl\/eko3\/wp-json\/wp\/v2\/posts"}],"about":[{"href":"http:\/\/ekonomik.opole.pl\/eko3\/wp-json\/wp\/v2\/types\/post"}],"author":[{"embeddable":true,"href":"http:\/\/ekonomik.opole.pl\/eko3\/wp-json\/wp\/v2\/users\/6"}],"replies":[{"embeddable":true,"href":"http:\/\/ekonomik.opole.pl\/eko3\/wp-json\/wp\/v2\/comments?post=998820"}],"version-history":[{"count":1,"href":"http:\/\/ekonomik.opole.pl\/eko3\/wp-json\/wp\/v2\/posts\/998820\/revisions"}],"predecessor-version":[{"id":998826,"href":"http:\/\/ekonomik.opole.pl\/eko3\/wp-json\/wp\/v2\/posts\/998820\/revisions\/998826"}],"wp:featuredmedia":[{"embeddable":true,"href":"http:\/\/ekonomik.opole.pl\/eko3\/wp-json\/wp\/v2\/media\/998821"}],"wp:attachment":[{"href":"http:\/\/ekonomik.opole.pl\/eko3\/wp-json\/wp\/v2\/media?parent=998820"}],"wp:term":[{"taxonomy":"category","embeddable":true,"href":"http:\/\/ekonomik.opole.pl\/eko3\/wp-json\/wp\/v2\/categories?post=998820"},{"taxonomy":"post_tag","embeddable":true,"href":"http:\/\/ekonomik.opole.pl\/eko3\/wp-json\/wp\/v2\/tags?post=998820"}],"curies":[{"name":"wp","href":"https:\/\/api.w.org\/{rel}","templated":true}]}}