{"id":998827,"date":"2026-03-12T09:33:00","date_gmt":"2026-03-12T08:33:00","guid":{"rendered":"https:\/\/ekonomik.opole.pl\/eko3\/?p=998827"},"modified":"2026-03-17T09:41:06","modified_gmt":"2026-03-17T08:41:06","slug":"zadbaj-o-swoje-finanse","status":"publish","type":"post","link":"http:\/\/ekonomik.opole.pl\/eko3\/zadbaj-o-swoje-finanse\/","title":{"rendered":"Zadbaj o swoje finanse"},"content":{"rendered":"<div class=\"vgblk-rw-wrapper limit-wrapper\">\n<p>10 marca 2026 r. uczniowie klas 2c, 3a i 3c naszej szko\u0142y oraz klas 8 z PSP nr. 2 w Opolu mieli okazj\u0119 s\u0142ucha\u0107 debaty &#8222;Zadbaj o swoje finanse z wiedz\u0105 o banku centralnym&#8221;.<br><\/p>\n\n\n\n<p>Dyskutanci odgrywali odpowiednio role:<br>Maksymilian Lepich 2b &#8211; m\u0142ody przedsi\u0119biorca,<br>Adam Wojtasek 3a &#8211; sceptyczny ucze\u0144,<br>Tomasz Dobosz 4c &#8211; ekspert NBP,<br>Szymon Fulneczek 3c &#8211; do\u015bwiadczony inwestor,<br>Micha\u0142 Wojtasik 3c &#8211; doradca finansowy.<br>Moderatorem debaty by\u0142 Franek Zimnowoda z klasy 4c<\/p>\n\n\n\n<p><br>Wszystko zacz\u0119\u0142o si\u0119 niezwykle interaktywnym wst\u0119pem. Ka\u017cdy s\u0142uchacz zosta\u0142 poproszony o zeskanowanie wy\u015bwietlonego kod QR, kt\u00f3ry przenosi\u0142 ich do ankiety z pytaniem &#8222;Jak zarz\u0105dzasz swoimi pieni\u0119dzmi&#8221;. Odpowiedzi by\u0142y wy\u015bwietlane na ko\u0144cu spotkania i konfrontowane z wiedz\u0105 zdobyt\u0105 podczas debaty.<\/p>\n\n\n\n<p><br>Scoring kredytowy, leasing, poduszka finansowa, obligacje i akcje &#8211; to tylko niekt\u00f3re terminy, kt\u00f3re wyja\u015bnione by\u0142y podczas tego spotkania.<br><\/p>\n\n\n\n<p>Uczestnicy debaty dowiedzieli si\u0119:<br>Czym jest zdolno\u015b\u0107 kredytowa?<br>Czy op\u0142aca si\u0119 bra\u0107 kredyt w walucie obcej czy w z\u0142ot\u00f3wkach?<br>Jak zarz\u0105dza\u0107 przedsi\u0119biorstwem w czasie kryzysu?<br><\/p>\n\n\n\n<p>Ogromne Podzi\u0119kowania nale\u017c\u0105 si\u0119 cz\u0142onkom ko\u0142a obywatelskiego oraz ich opiekunki &#8211; Pani Profesor Urszuli Izdebskiej<\/p>\n\n\n\n<figure class=\"wp-block-gallery columns-3 is-cropped\"><ul class=\"blocks-gallery-grid\"><li class=\"blocks-gallery-item\"><figure><a href=\"http:\/\/ekonomik.opole.pl\/eko3\/wp-content\/uploads\/2026\/03\/IMG_7944-scaled.jpg\"><img loading=\"lazy\" width=\"768\" height=\"1024\" src=\"http:\/\/ekonomik.opole.pl\/eko3\/wp-content\/uploads\/2026\/03\/IMG_7944-768x1024.jpg\" alt=\"\" data-id=\"998833\" data-full-url=\"http:\/\/ekonomik.opole.pl\/eko3\/wp-content\/uploads\/2026\/03\/IMG_7944-scaled.jpg\" data-link=\"https:\/\/ekonomik.opole.pl\/eko3\/?attachment_id=998833\" class=\"wp-image-998833\" srcset=\"http:\/\/ekonomik.opole.pl\/eko3\/wp-content\/uploads\/2026\/03\/IMG_7944-768x1024.jpg 768w, http:\/\/ekonomik.opole.pl\/eko3\/wp-content\/uploads\/2026\/03\/IMG_7944-225x300.jpg 225w, http:\/\/ekonomik.opole.pl\/eko3\/wp-content\/uploads\/2026\/03\/IMG_7944-1152x1536.jpg 1152w, http:\/\/ekonomik.opole.pl\/eko3\/wp-content\/uploads\/2026\/03\/IMG_7944-1536x2048.jpg 1536w, http:\/\/ekonomik.opole.pl\/eko3\/wp-content\/uploads\/2026\/03\/IMG_7944-1360x1813.jpg 1360w, http:\/\/ekonomik.opole.pl\/eko3\/wp-content\/uploads\/2026\/03\/IMG_7944-680x907.jpg 680w, http:\/\/ekonomik.opole.pl\/eko3\/wp-content\/uploads\/2026\/03\/IMG_7944-scaled.jpg 1920w\" sizes=\"(max-width: 768px) 100vw, 768px\" \/><\/a><\/figure><\/li><li class=\"blocks-gallery-item\"><figure><a href=\"http:\/\/ekonomik.opole.pl\/eko3\/wp-content\/uploads\/2026\/03\/IMG_7854-scaled.jpg\"><img loading=\"lazy\" width=\"1024\" height=\"768\" src=\"http:\/\/ekonomik.opole.pl\/eko3\/wp-content\/uploads\/2026\/03\/IMG_7854-1024x768.jpg\" alt=\"\" data-id=\"998832\" data-full-url=\"http:\/\/ekonomik.opole.pl\/eko3\/wp-content\/uploads\/2026\/03\/IMG_7854-scaled.jpg\" data-link=\"https:\/\/ekonomik.opole.pl\/eko3\/?attachment_id=998832\" class=\"wp-image-998832\" srcset=\"http:\/\/ekonomik.opole.pl\/eko3\/wp-content\/uploads\/2026\/03\/IMG_7854-1024x768.jpg 1024w, http:\/\/ekonomik.opole.pl\/eko3\/wp-content\/uploads\/2026\/03\/IMG_7854-300x225.jpg 300w, http:\/\/ekonomik.opole.pl\/eko3\/wp-content\/uploads\/2026\/03\/IMG_7854-768x576.jpg 768w, http:\/\/ekonomik.opole.pl\/eko3\/wp-content\/uploads\/2026\/03\/IMG_7854-1536x1152.jpg 1536w, http:\/\/ekonomik.opole.pl\/eko3\/wp-content\/uploads\/2026\/03\/IMG_7854-2048x1536.jpg 2048w, http:\/\/ekonomik.opole.pl\/eko3\/wp-content\/uploads\/2026\/03\/IMG_7854-1360x1020.jpg 1360w, http:\/\/ekonomik.opole.pl\/eko3\/wp-content\/uploads\/2026\/03\/IMG_7854-680x510.jpg 680w\" sizes=\"(max-width: 1024px) 100vw, 1024px\" \/><\/a><\/figure><\/li><li class=\"blocks-gallery-item\"><figure><a href=\"http:\/\/ekonomik.opole.pl\/eko3\/wp-content\/uploads\/2026\/03\/IMG_7853-scaled.jpg\"><img loading=\"lazy\" width=\"768\" height=\"1024\" src=\"http:\/\/ekonomik.opole.pl\/eko3\/wp-content\/uploads\/2026\/03\/IMG_7853-768x1024.jpg\" alt=\"\" data-id=\"998831\" data-full-url=\"http:\/\/ekonomik.opole.pl\/eko3\/wp-content\/uploads\/2026\/03\/IMG_7853-scaled.jpg\" data-link=\"https:\/\/ekonomik.opole.pl\/eko3\/?attachment_id=998831\" class=\"wp-image-998831\" srcset=\"http:\/\/ekonomik.opole.pl\/eko3\/wp-content\/uploads\/2026\/03\/IMG_7853-768x1024.jpg 768w, http:\/\/ekonomik.opole.pl\/eko3\/wp-content\/uploads\/2026\/03\/IMG_7853-225x300.jpg 225w, http:\/\/ekonomik.opole.pl\/eko3\/wp-content\/uploads\/2026\/03\/IMG_7853-1152x1536.jpg 1152w, http:\/\/ekonomik.opole.pl\/eko3\/wp-content\/uploads\/2026\/03\/IMG_7853-1536x2048.jpg 1536w, http:\/\/ekonomik.opole.pl\/eko3\/wp-content\/uploads\/2026\/03\/IMG_7853-1360x1813.jpg 1360w, http:\/\/ekonomik.opole.pl\/eko3\/wp-content\/uploads\/2026\/03\/IMG_7853-680x907.jpg 680w, http:\/\/ekonomik.opole.pl\/eko3\/wp-content\/uploads\/2026\/03\/IMG_7853-scaled.jpg 1920w\" sizes=\"(max-width: 768px) 100vw, 768px\" \/><\/a><\/figure><\/li><li class=\"blocks-gallery-item\"><figure><a href=\"http:\/\/ekonomik.opole.pl\/eko3\/wp-content\/uploads\/2026\/03\/IMG_7832-scaled.jpg\"><img loading=\"lazy\" width=\"768\" height=\"1024\" src=\"http:\/\/ekonomik.opole.pl\/eko3\/wp-content\/uploads\/2026\/03\/IMG_7832-768x1024.jpg\" alt=\"\" data-id=\"998830\" data-full-url=\"http:\/\/ekonomik.opole.pl\/eko3\/wp-content\/uploads\/2026\/03\/IMG_7832-scaled.jpg\" data-link=\"https:\/\/ekonomik.opole.pl\/eko3\/?attachment_id=998830\" class=\"wp-image-998830\" srcset=\"http:\/\/ekonomik.opole.pl\/eko3\/wp-content\/uploads\/2026\/03\/IMG_7832-768x1024.jpg 768w, http:\/\/ekonomik.opole.pl\/eko3\/wp-content\/uploads\/2026\/03\/IMG_7832-225x300.jpg 225w, http:\/\/ekonomik.opole.pl\/eko3\/wp-content\/uploads\/2026\/03\/IMG_7832-1152x1536.jpg 1152w, http:\/\/ekonomik.opole.pl\/eko3\/wp-content\/uploads\/2026\/03\/IMG_7832-1536x2048.jpg 1536w, http:\/\/ekonomik.opole.pl\/eko3\/wp-content\/uploads\/2026\/03\/IMG_7832-1360x1814.jpg 1360w, http:\/\/ekonomik.opole.pl\/eko3\/wp-content\/uploads\/2026\/03\/IMG_7832-680x907.jpg 680w, http:\/\/ekonomik.opole.pl\/eko3\/wp-content\/uploads\/2026\/03\/IMG_7832-scaled.jpg 1920w\" sizes=\"(max-width: 768px) 100vw, 768px\" \/><\/a><\/figure><\/li><li class=\"blocks-gallery-item\"><figure><a href=\"http:\/\/ekonomik.opole.pl\/eko3\/wp-content\/uploads\/2026\/03\/IMG_7795-scaled.jpg\"><img loading=\"lazy\" width=\"768\" height=\"1024\" src=\"http:\/\/ekonomik.opole.pl\/eko3\/wp-content\/uploads\/2026\/03\/IMG_7795-768x1024.jpg\" alt=\"\" data-id=\"998829\" data-full-url=\"http:\/\/ekonomik.opole.pl\/eko3\/wp-content\/uploads\/2026\/03\/IMG_7795-scaled.jpg\" data-link=\"https:\/\/ekonomik.opole.pl\/eko3\/?attachment_id=998829\" class=\"wp-image-998829\" srcset=\"http:\/\/ekonomik.opole.pl\/eko3\/wp-content\/uploads\/2026\/03\/IMG_7795-768x1024.jpg 768w, http:\/\/ekonomik.opole.pl\/eko3\/wp-content\/uploads\/2026\/03\/IMG_7795-225x300.jpg 225w, http:\/\/ekonomik.opole.pl\/eko3\/wp-content\/uploads\/2026\/03\/IMG_7795-1152x1536.jpg 1152w, http:\/\/ekonomik.opole.pl\/eko3\/wp-content\/uploads\/2026\/03\/IMG_7795-1536x2048.jpg 1536w, http:\/\/ekonomik.opole.pl\/eko3\/wp-content\/uploads\/2026\/03\/IMG_7795-1360x1813.jpg 1360w, http:\/\/ekonomik.opole.pl\/eko3\/wp-content\/uploads\/2026\/03\/IMG_7795-680x907.jpg 680w, http:\/\/ekonomik.opole.pl\/eko3\/wp-content\/uploads\/2026\/03\/IMG_7795-scaled.jpg 1920w\" sizes=\"(max-width: 768px) 100vw, 768px\" \/><\/a><\/figure><\/li><li class=\"blocks-gallery-item\"><figure><a href=\"http:\/\/ekonomik.opole.pl\/eko3\/wp-content\/uploads\/2026\/03\/IMG_8037-scaled.jpg\"><img loading=\"lazy\" width=\"1024\" height=\"768\" src=\"http:\/\/ekonomik.opole.pl\/eko3\/wp-content\/uploads\/2026\/03\/IMG_8037-1024x768.jpg\" alt=\"\" data-id=\"998828\" data-full-url=\"http:\/\/ekonomik.opole.pl\/eko3\/wp-content\/uploads\/2026\/03\/IMG_8037-scaled.jpg\" data-link=\"https:\/\/ekonomik.opole.pl\/eko3\/?attachment_id=998828\" class=\"wp-image-998828\" srcset=\"http:\/\/ekonomik.opole.pl\/eko3\/wp-content\/uploads\/2026\/03\/IMG_8037-1024x768.jpg 1024w, http:\/\/ekonomik.opole.pl\/eko3\/wp-content\/uploads\/2026\/03\/IMG_8037-300x225.jpg 300w, http:\/\/ekonomik.opole.pl\/eko3\/wp-content\/uploads\/2026\/03\/IMG_8037-768x576.jpg 768w, http:\/\/ekonomik.opole.pl\/eko3\/wp-content\/uploads\/2026\/03\/IMG_8037-1536x1152.jpg 1536w, http:\/\/ekonomik.opole.pl\/eko3\/wp-content\/uploads\/2026\/03\/IMG_8037-2048x1536.jpg 2048w, http:\/\/ekonomik.opole.pl\/eko3\/wp-content\/uploads\/2026\/03\/IMG_8037-1360x1020.jpg 1360w, http:\/\/ekonomik.opole.pl\/eko3\/wp-content\/uploads\/2026\/03\/IMG_8037-680x510.jpg 680w\" sizes=\"(max-width: 1024px) 100vw, 1024px\" \/><\/a><\/figure><\/li><\/ul><\/figure>\n\n\n\n<p>Fotorelacja &#8211; Marta Bonk<\/p>\n<\/div><!-- .vgblk-rw-wrapper -->","protected":false},"excerpt":{"rendered":"<p>10 marca 2026 r. uczniowie klas 2c, 3a i 3c naszej szko\u0142y oraz klas 8 z PSP nr. 2 w Opolu mieli okazj\u0119 s\u0142ucha\u0107 debaty &#8222;Zadbaj o swoje finanse z wiedz\u0105 o banku centralnym&#8221;. Dyskutanci odgrywali odpowiednio role:Maksymilian Lepich 2b &#8211; m\u0142ody przedsi\u0119biorca,Adam Wojtasek 3a &#8211; sceptyczny ucze\u0144,Tomasz Dobosz 4c &#8211; ekspert NBP,Szymon Fulneczek 3c&#8230;<\/p>\n","protected":false},"author":6,"featured_media":998834,"comment_status":"open","ping_status":"open","sticky":false,"template":"","format":"standard","meta":{"inline_featured_image":false},"categories":[1],"tags":[],"_links":{"self":[{"href":"http:\/\/ekonomik.opole.pl\/eko3\/wp-json\/wp\/v2\/posts\/998827"}],"collection":[{"href":"http:\/\/ekonomik.opole.pl\/eko3\/wp-json\/wp\/v2\/posts"}],"about":[{"href":"http:\/\/ekonomik.opole.pl\/eko3\/wp-json\/wp\/v2\/types\/post"}],"author":[{"embeddable":true,"href":"http:\/\/ekonomik.opole.pl\/eko3\/wp-json\/wp\/v2\/users\/6"}],"replies":[{"embeddable":true,"href":"http:\/\/ekonomik.opole.pl\/eko3\/wp-json\/wp\/v2\/comments?post=998827"}],"version-history":[{"count":2,"href":"http:\/\/ekonomik.opole.pl\/eko3\/wp-json\/wp\/v2\/posts\/998827\/revisions"}],"predecessor-version":[{"id":998836,"href":"http:\/\/ekonomik.opole.pl\/eko3\/wp-json\/wp\/v2\/posts\/998827\/revisions\/998836"}],"wp:featuredmedia":[{"embeddable":true,"href":"http:\/\/ekonomik.opole.pl\/eko3\/wp-json\/wp\/v2\/media\/998834"}],"wp:attachment":[{"href":"http:\/\/ekonomik.opole.pl\/eko3\/wp-json\/wp\/v2\/media?parent=998827"}],"wp:term":[{"taxonomy":"category","embeddable":true,"href":"http:\/\/ekonomik.opole.pl\/eko3\/wp-json\/wp\/v2\/categories?post=998827"},{"taxonomy":"post_tag","embeddable":true,"href":"http:\/\/ekonomik.opole.pl\/eko3\/wp-json\/wp\/v2\/tags?post=998827"}],"curies":[{"name":"wp","href":"https:\/\/api.w.org\/{rel}","templated":true}]}}