{"id":998858,"date":"2026-03-13T09:57:00","date_gmt":"2026-03-13T08:57:00","guid":{"rendered":"https:\/\/ekonomik.opole.pl\/eko3\/?p=998858"},"modified":"2026-03-19T10:02:10","modified_gmt":"2026-03-19T09:02:10","slug":"nowy-spot-promocyjny-ekonomika","status":"publish","type":"post","link":"http:\/\/ekonomik.opole.pl\/eko3\/nowy-spot-promocyjny-ekonomika\/","title":{"rendered":"Nowy spot promocyjny Ekonomika"},"content":{"rendered":"<div class=\"vgblk-rw-wrapper limit-wrapper\">\n<iframe loading=\"lazy\" src=\"https:\/\/www.facebook.com\/plugins\/video.php?height=314&#038;href=https%3A%2F%2Fwww.facebook.com%2Freel%2F2346111902521662%2F&#038;show_text=false&#038;width=560&#038;t=0\" width=\"560\" height=\"600\" style=\"border:none;overflow:hidden\" scrolling=\"no\" frameborder=\"0\" allowfullscreen=\"true\" allow=\"autoplay; clipboard-write; encrypted-media; picture-in-picture; web-share\" allowFullScreen=\"true\"><\/iframe>\n\n\n\n<p>Z wielk\u0105 dum\u0105 prezentujemy efekt pracy tw\u00f3rc\u00f3w nowego spotu wizerunkowego! <\/p>\n\n\n\n<p>Praca nad filmem trwa\u0142a kilka tygodni, a jego autorzy w\u0142o\u017cyli w produkcj\u0119 du\u017co serca i wra\u017cliwo\u015bci &#8222;Nowy spot to sklejenie r\u00f3\u017cnych wizji \u015bwiata przefiltrowane przez Nasz\u0105 wra\u017cliwo\u015b\u0107, ale z uk\u0142onem dla tradycji i przesz\u0142o\u015bci.<\/p>\n\n\n\n<p>\ud835\udde6\ud835\udde7\ud835\udde2\ud835\udde3 \ud835\udde0\ud835\uddd4\ud835\uddde\ud835\udddc\ud835\udde1\ud835\uddda \ud835\udde6\ud835\uddd8\ud835\udde1\ud835\udde6\ud835\uddd8 \u2013 has\u0142o, kt\u00f3re towarzyszy\u0142o Nam przy produkcji tego obrazu to ma\u0142y manifest. Odbierajcie film sercem i wra\u017cliwo\u015bci\u0105&#8221; &#8211; Zuzanna Sobk\u00f3w, Borys Szewczyk (dyrekcja agencji Timeless).<\/p>\n\n\n\n<p>Zdj\u0119cia i monta\u017c: \ud835\udde0\ud835\uddee\ud835\uddf0\ud835\uddf6\ud835\uddf2\ud835\uddf7 \ud835\udde5\ud835\uddf6\ud835\uddfd\ud835\uddfd\ud835\uddf2\ud835\uddf9, \ud835\uddd9\ud835\uddff\ud835\uddee\ud835\uddfb\ud835\uddf2\ud835\uddf8 \ud835\uddd7\ud835\uddee\ud835\uddfb\ud835\uddf8\ud835\uddfc\u0301\ud835\ude04 \ud835\udde6\ud835\uddf0\ud835\uddf2\ud835\uddfb\ud835\uddee\ud835\uddff\ud835\uddf6\ud835\ude02\ud835\ude00\ud835\ude07: Martyna Koz\u0142owska, Wiktoria Chrz\u0105stek, Natalia Latusek, Maciek Rippel, Kasia Weso\u0142owska, Bartosz D\u0119bski, Zuzia Sobk\u00f3w, Borys Szewczyk \ud835\udde5\ud835\uddf2\ud835\ude07\u0307\ud835\ude06\ud835\ude00\ud835\uddf2\ud835\uddff\ud835\uddf6\ud835\uddee: Maciek Rippel, Franek Dank\u00f3w, Zuzia Sobk\u00f3w, Wiktoria Chrz\u0105stek, Martyna Koz\u0142owska, Natalia Latusek, Borys Szewczyk, mgr Piotr W\u00f3jcik \ud835\uddde\ud835\uddfc\ud835\uddfb\ud835\uddf0\ud835\uddf2\ud835\uddfd\ud835\uddf0\ud835\uddf7\ud835\uddee \ud835\uddf8\ud835\uddff\ud835\uddf2\ud835\uddee\ud835\ude01\ud835\ude06\ud835\ude04\ud835\uddfb\ud835\uddee: mgr Piotr W\u00f3jcik, agencja Timeless<\/p>\n<\/div><!-- .vgblk-rw-wrapper -->","protected":false},"excerpt":{"rendered":"<p>Z wielk\u0105 dum\u0105 prezentujemy efekt pracy tw\u00f3rc\u00f3w nowego spotu wizerunkowego! Praca nad filmem trwa\u0142a kilka tygodni, a jego autorzy w\u0142o\u017cyli w produkcj\u0119 du\u017co serca i wra\u017cliwo\u015bci &#8222;Nowy spot to sklejenie r\u00f3\u017cnych wizji \u015bwiata przefiltrowane przez Nasz\u0105 wra\u017cliwo\u015b\u0107, ale z uk\u0142onem dla tradycji i przesz\u0142o\u015bci. \ud835\udde6\ud835\udde7\ud835\udde2\ud835\udde3 \ud835\udde0\ud835\uddd4\ud835\uddde\ud835\udddc\ud835\udde1\ud835\uddda \ud835\udde6\ud835\uddd8\ud835\udde1\ud835\udde6\ud835\uddd8 \u2013 has\u0142o, kt\u00f3re towarzyszy\u0142o Nam przy produkcji tego&#8230;<\/p>\n","protected":false},"author":6,"featured_media":998863,"comment_status":"open","ping_status":"open","sticky":false,"template":"","format":"standard","meta":{"inline_featured_image":false},"categories":[322,85],"tags":[],"_links":{"self":[{"href":"http:\/\/ekonomik.opole.pl\/eko3\/wp-json\/wp\/v2\/posts\/998858"}],"collection":[{"href":"http:\/\/ekonomik.opole.pl\/eko3\/wp-json\/wp\/v2\/posts"}],"about":[{"href":"http:\/\/ekonomik.opole.pl\/eko3\/wp-json\/wp\/v2\/types\/post"}],"author":[{"embeddable":true,"href":"http:\/\/ekonomik.opole.pl\/eko3\/wp-json\/wp\/v2\/users\/6"}],"replies":[{"embeddable":true,"href":"http:\/\/ekonomik.opole.pl\/eko3\/wp-json\/wp\/v2\/comments?post=998858"}],"version-history":[{"count":6,"href":"http:\/\/ekonomik.opole.pl\/eko3\/wp-json\/wp\/v2\/posts\/998858\/revisions"}],"predecessor-version":[{"id":998865,"href":"http:\/\/ekonomik.opole.pl\/eko3\/wp-json\/wp\/v2\/posts\/998858\/revisions\/998865"}],"wp:featuredmedia":[{"embeddable":true,"href":"http:\/\/ekonomik.opole.pl\/eko3\/wp-json\/wp\/v2\/media\/998863"}],"wp:attachment":[{"href":"http:\/\/ekonomik.opole.pl\/eko3\/wp-json\/wp\/v2\/media?parent=998858"}],"wp:term":[{"taxonomy":"category","embeddable":true,"href":"http:\/\/ekonomik.opole.pl\/eko3\/wp-json\/wp\/v2\/categories?post=998858"},{"taxonomy":"post_tag","embeddable":true,"href":"http:\/\/ekonomik.opole.pl\/eko3\/wp-json\/wp\/v2\/tags?post=998858"}],"curies":[{"name":"wp","href":"https:\/\/api.w.org\/{rel}","templated":true}]}}