{"id":998886,"date":"2026-03-10T10:15:00","date_gmt":"2026-03-10T09:15:00","guid":{"rendered":"https:\/\/ekonomik.opole.pl\/eko3\/?p=998886"},"modified":"2026-03-19T10:19:15","modified_gmt":"2026-03-19T09:19:15","slug":"zapisz-sie-na-zjazd-absolwentow","status":"publish","type":"post","link":"http:\/\/ekonomik.opole.pl\/eko3\/zapisz-sie-na-zjazd-absolwentow\/","title":{"rendered":"Zapisz si\u0119 na zjazd Absolwent\u00f3w"},"content":{"rendered":"<div class=\"vgblk-rw-wrapper limit-wrapper\">\n<p>\u201e\ud835\udff4\ud835\udfec \ud835\uddf9\ud835\uddee\ud835\ude01 \ud835\uddf1\ud835\uddfc\ud835\uddfc\ud835\uddf8\ud835\uddfc\u0142\ud835\uddee \ud835\uddfc\ud835\uddfd\ud835\uddfc\ud835\uddf9\ud835\ude00\ud835\uddf8\ud835\uddf6\ud835\uddf2\ud835\uddf4\ud835\uddfc \ud835\uddd8\ud835\uddf8\ud835\uddfc\ud835\uddfb\ud835\uddfc\ud835\uddfa\ud835\uddf6\ud835\uddf8\ud835\uddee \u2013 \ud835\uddff\ud835\ude06\ud835\ude01\ud835\uddfa \ud835\ude00\ud835\uddf2\ud835\uddff\ud835\uddf0\ud835\uddee, \ud835\uddf8\ud835\ude01\ud835\uddfc\u0301\ud835\uddff\ud835\ude06 \u0142\ud835\uddee\u0328\ud835\uddf0\ud835\ude07\ud835\ude06 \ud835\uddfd\ud835\uddfc\ud835\uddf8\ud835\uddfc\ud835\uddf9\ud835\uddf2\ud835\uddfb\ud835\uddf6\ud835\uddee\u201d<\/p>\n\n\n\n<p>Drodzy Absolwenci, Nauczyciele i Przyjaciele Opolskiego Ekonomika!<\/p>\n\n\n\n<p>Czas p\u0142ynie, ale wspomnienia maj\u0105 niezwyk\u0142\u0105 moc zatrzymywania go w miejscu. Czy pami\u0119tacie d\u017awi\u0119k pierwszego dzwonka przy \ud835\ude02\ud835\uddf9\ud835\uddf6\ud835\uddf0\ud835\ude06 \ud835\uddde\ud835\uddfc\ud835\ude00\u0301\ud835\uddf0\ud835\uddf6\ud835\ude02\ud835\ude00\ud835\ude07\ud835\uddf8\ud835\uddf6 \ud835\udff0\ud835\udfef? Emocje przed egzaminami, smak wsp\u00f3lnej kawy na przerwie i te korytarze, kt\u00f3re t\u0119tni\u0142y \u017cyciem, marzeniami i pierwszymi doros\u0142ymi wyborami?<\/p>\n\n\n\n<p>Z ogromn\u0105 rado\u015bci\u0105 i wzruszeniem zapraszamy Was na wyj\u0105tkowe \u015bwi\u0119to &#8211; Jubileusz 80-lecia Zespo\u0142u Szk\u00f3\u0142 Ekonomicznych im. Gen. Stefana Roweckiego \u201eGrota\u201d w Opolu <\/p>\n\n\n\n<p>Zapisy\/program zjazdu i regulamin <br><a rel=\"noreferrer noopener\" href=\"https:\/\/ekonomik.opole.pl\/eko3\/80-lecie-zsek\/?fbclid=IwZXh0bgNhZW0CMTAAYnJpZBExdWZVeFJ0OURNbGZ5dXMxR3NydGMGYXBwX2lkEDIyMjAzOTE3ODgyMDA4OTIAAR4EaEIEFQqlyM4Q8mfCgI09MrhkirjEFaD3f-jpfBXBPb4s4Pz3PWKsiRm_jw_aem_vevx7qVk9vm8bcXL2lONCA\" target=\"_blank\">https:\/\/ekonomik.opole.pl\/eko3\/80-lecie-zsek\/<\/a> <\/p>\n\n\n\n<p>Zg\u0142oszenia b\u0119d\u0105 przyjmowane do dnia 25 marca 2026 roku do godziny 23.30 <\/p>\n\n\n\n<p>Fot. Maja Nowicka | Logo 80-lecie: Roksana Psiuk<br>Na zdj\u0119ciu: Marta Ordon, Igor Kucharski, \u0141ukasz Madej,Aleksander Kolanowski<\/p>\n<\/div><!-- .vgblk-rw-wrapper -->","protected":false},"excerpt":{"rendered":"<p>\u201e\ud835\udff4\ud835\udfec \ud835\uddf9\ud835\uddee\ud835\ude01 \ud835\uddf1\ud835\uddfc\ud835\uddfc\ud835\uddf8\ud835\uddfc\u0142\ud835\uddee \ud835\uddfc\ud835\uddfd\ud835\uddfc\ud835\uddf9\ud835\ude00\ud835\uddf8\ud835\uddf6\ud835\uddf2\ud835\uddf4\ud835\uddfc \ud835\uddd8\ud835\uddf8\ud835\uddfc\ud835\uddfb\ud835\uddfc\ud835\uddfa\ud835\uddf6\ud835\uddf8\ud835\uddee \u2013 \ud835\uddff\ud835\ude06\ud835\ude01\ud835\uddfa \ud835\ude00\ud835\uddf2\ud835\uddff\ud835\uddf0\ud835\uddee, \ud835\uddf8\ud835\ude01\ud835\uddfc\u0301\ud835\uddff\ud835\ude06 \u0142\ud835\uddee\u0328\ud835\uddf0\ud835\ude07\ud835\ude06 \ud835\uddfd\ud835\uddfc\ud835\uddf8\ud835\uddfc\ud835\uddf9\ud835\uddf2\ud835\uddfb\ud835\uddf6\ud835\uddee\u201d Drodzy Absolwenci, Nauczyciele i Przyjaciele Opolskiego Ekonomika! Czas p\u0142ynie, ale wspomnienia maj\u0105 niezwyk\u0142\u0105 moc zatrzymywania go w miejscu. Czy pami\u0119tacie d\u017awi\u0119k pierwszego dzwonka przy \ud835\ude02\ud835\uddf9\ud835\uddf6\ud835\uddf0\ud835\ude06 \ud835\uddde\ud835\uddfc\ud835\ude00\u0301\ud835\uddf0\ud835\uddf6\ud835\ude02\ud835\ude00\ud835\ude07\ud835\uddf8\ud835\uddf6 \ud835\udff0\ud835\udfef? Emocje przed egzaminami, smak wsp\u00f3lnej kawy na przerwie i te korytarze, kt\u00f3re t\u0119tni\u0142y \u017cyciem, marzeniami i pierwszymi&#8230;<\/p>\n","protected":false},"author":6,"featured_media":998887,"comment_status":"open","ping_status":"open","sticky":false,"template":"","format":"standard","meta":{"inline_featured_image":false},"categories":[208],"tags":[],"_links":{"self":[{"href":"http:\/\/ekonomik.opole.pl\/eko3\/wp-json\/wp\/v2\/posts\/998886"}],"collection":[{"href":"http:\/\/ekonomik.opole.pl\/eko3\/wp-json\/wp\/v2\/posts"}],"about":[{"href":"http:\/\/ekonomik.opole.pl\/eko3\/wp-json\/wp\/v2\/types\/post"}],"author":[{"embeddable":true,"href":"http:\/\/ekonomik.opole.pl\/eko3\/wp-json\/wp\/v2\/users\/6"}],"replies":[{"embeddable":true,"href":"http:\/\/ekonomik.opole.pl\/eko3\/wp-json\/wp\/v2\/comments?post=998886"}],"version-history":[{"count":1,"href":"http:\/\/ekonomik.opole.pl\/eko3\/wp-json\/wp\/v2\/posts\/998886\/revisions"}],"predecessor-version":[{"id":998888,"href":"http:\/\/ekonomik.opole.pl\/eko3\/wp-json\/wp\/v2\/posts\/998886\/revisions\/998888"}],"wp:featuredmedia":[{"embeddable":true,"href":"http:\/\/ekonomik.opole.pl\/eko3\/wp-json\/wp\/v2\/media\/998887"}],"wp:attachment":[{"href":"http:\/\/ekonomik.opole.pl\/eko3\/wp-json\/wp\/v2\/media?parent=998886"}],"wp:term":[{"taxonomy":"category","embeddable":true,"href":"http:\/\/ekonomik.opole.pl\/eko3\/wp-json\/wp\/v2\/categories?post=998886"},{"taxonomy":"post_tag","embeddable":true,"href":"http:\/\/ekonomik.opole.pl\/eko3\/wp-json\/wp\/v2\/tags?post=998886"}],"curies":[{"name":"wp","href":"https:\/\/api.w.org\/{rel}","templated":true}]}}