{"id":998890,"date":"2026-03-19T10:26:56","date_gmt":"2026-03-19T09:26:56","guid":{"rendered":"https:\/\/ekonomik.opole.pl\/eko3\/?p=998890"},"modified":"2026-03-19T10:26:57","modified_gmt":"2026-03-19T09:26:57","slug":"juz-jutro-dzien-otwarty-w-ekonomiku","status":"publish","type":"post","link":"http:\/\/ekonomik.opole.pl\/eko3\/juz-jutro-dzien-otwarty-w-ekonomiku\/","title":{"rendered":"Ju\u017c jutro Dzie\u0144 Otwarty w Ekonomiku!"},"content":{"rendered":"<div class=\"vgblk-rw-wrapper limit-wrapper\">\n<p>\u00d3smoklasi\u015bci, zapraszamy do Zespo\u0142u Szk\u00f3\u0142 Ekonomicznych!<\/p>\n\n\n\n<p>Przygotowali\u015bmy dla Was \ud835\uddfd\ud835\ude02\ud835\uddfb\ud835\uddf8\ud835\ude01\ud835\ude06 \ud835\uddf6\ud835\uddfb\ud835\uddf3\ud835\uddfc\ud835\uddff\ud835\uddfa\ud835\uddee\ud835\uddf0\ud835\ude06\ud835\uddf7\ud835\uddfb\ud835\uddf2, w kt\u00f3rych nauczyciele oraz uczniowie poszczeg\u00f3lnych zawod\u00f3w b\u0119d\u0105 czeka\u0107, by opowiedzie\u0107 Wam o kierunkach kszta\u0142cenia.<\/p>\n\n\n\n<p>To idealny moment, by zada\u0107 wszystkie szczeg\u00f3\u0142owe pytania i sprawdzi\u0107, czy Ekonomik jest miejscem w\u0142a\u015bnie dla Was.<\/p>\n\n\n\n<p>Wyb\u00f3r nale\u017cy do Was \u2014 my czekamy z otwartymi drzwiami.<\/p>\n\n\n\n<p>Szczeg\u00f3\u0142owe informacje dotycz\u0105ce terminarza rekrutacji, przedmiot\u00f3w branych pod uwag\u0119 przy rekrutacji:<\/p>\n\n\n\n<figure class=\"wp-block-embed is-type-wp-embed is-provider-zesp-oacute-l-szk-oacute-l-ekonomicznych-im-gen-stefana-roweckiego-quot-grota-quot-w-opolu wp-block-embed-zesp-oacute-l-szk-oacute-l-ekonomicznych-im-gen-stefana-roweckiego-quot-grota-quot-w-opolu\"><div class=\"wp-block-embed__wrapper\">\n<blockquote class=\"wp-embedded-content\" data-secret=\"HXXhVtB6Wl\"><a href=\"https:\/\/ekonomik.opole.pl\/eko3\/rekrutacja-2025-2026\/\">Rekrutacja 2026\/2027<\/a><\/blockquote><iframe class=\"wp-embedded-content\" sandbox=\"allow-scripts\" security=\"restricted\" style=\"position: absolute; clip: rect(1px, 1px, 1px, 1px);\" title=\"&#8222;Rekrutacja 2026\/2027&#8221; &#8212; Zesp&oacute;\u0142 Szk&oacute;\u0142 Ekonomicznych im. Gen. Stefana Roweckiego &quot;Grota&quot; w Opolu\" src=\"https:\/\/ekonomik.opole.pl\/eko3\/rekrutacja-2025-2026\/embed\/#?secret=HXXhVtB6Wl\" data-secret=\"HXXhVtB6Wl\" width=\"600\" height=\"338\" frameborder=\"0\" marginwidth=\"0\" marginheight=\"0\" scrolling=\"no\"><\/iframe>\n<\/div><\/figure>\n\n\n\n<p><img loading=\"lazy\" height=\"16\" width=\"16\" alt=\"\u2139\ufe0f\" src=\"https:\/\/static.xx.fbcdn.net\/images\/emoji.php\/v9\/t8e\/1\/16\/2139.png\">&nbsp;Technik ekonomista &#8211; sala 27<br><img loading=\"lazy\" height=\"16\" width=\"16\" alt=\"\u2139\ufe0f\" src=\"https:\/\/static.xx.fbcdn.net\/images\/emoji.php\/v9\/t8e\/1\/16\/2139.png\">&nbsp;Technik logistyk &#8211; sala 20<br><img loading=\"lazy\" height=\"16\" width=\"16\" alt=\"\u2139\ufe0f\" src=\"https:\/\/static.xx.fbcdn.net\/images\/emoji.php\/v9\/t8e\/1\/16\/2139.png\">&nbsp;Technik grafiki i poligrafii cyfrowej &#8211; sala 60<br><img loading=\"lazy\" height=\"16\" width=\"16\" alt=\"\u2139\ufe0f\" src=\"https:\/\/static.xx.fbcdn.net\/images\/emoji.php\/v9\/t8e\/1\/16\/2139.png\">&nbsp;Technik fotografii i multimedi\u00f3w &#8211; sala 26<br><img loading=\"lazy\" height=\"16\" width=\"16\" alt=\"\u2139\ufe0f\" src=\"https:\/\/static.xx.fbcdn.net\/images\/emoji.php\/v9\/t8e\/1\/16\/2139.png\">&nbsp;Technik reklamy &#8211; sala 28<br><img loading=\"lazy\" height=\"16\" width=\"16\" alt=\"\u2139\ufe0f\" src=\"https:\/\/static.xx.fbcdn.net\/images\/emoji.php\/v9\/t8e\/1\/16\/2139.png\">&nbsp;Technik programista &#8211; sala 45<br><img loading=\"lazy\" height=\"16\" width=\"16\" alt=\"\u2139\ufe0f\" src=\"https:\/\/static.xx.fbcdn.net\/images\/emoji.php\/v9\/t8e\/1\/16\/2139.png\">&nbsp;Technik rachunkowo\u015bci &#8211; sala 42<\/p>\n\n\n\n<p>\ud835\udde6\ud835\uddf2\ud835\uddff\ud835\uddf1\ud835\uddf2\ud835\uddf0\ud835\ude07\ud835\uddfb\ud835\uddf6\ud835\uddf2 \ud835\ude07\ud835\uddee\ud835\uddfd\ud835\uddff\ud835\uddee\ud835\ude00\ud835\ude07\ud835\uddee\ud835\uddfa\ud835\ude06 od godziny 09:00 &#8211; 14:00.<\/p>\n\n\n\n<p>Przywitaj\u0105 Was uczniowie agencji TIMELESS &#8211; klasa w zawodzie technik reklamy<\/p>\n<\/div><!-- .vgblk-rw-wrapper -->","protected":false},"excerpt":{"rendered":"<p>\u00d3smoklasi\u015bci, zapraszamy do Zespo\u0142u Szk\u00f3\u0142 Ekonomicznych! Przygotowali\u015bmy dla Was \ud835\uddfd\ud835\ude02\ud835\uddfb\ud835\uddf8\ud835\ude01\ud835\ude06 \ud835\uddf6\ud835\uddfb\ud835\uddf3\ud835\uddfc\ud835\uddff\ud835\uddfa\ud835\uddee\ud835\uddf0\ud835\ude06\ud835\uddf7\ud835\uddfb\ud835\uddf2, w kt\u00f3rych nauczyciele oraz uczniowie poszczeg\u00f3lnych zawod\u00f3w b\u0119d\u0105 czeka\u0107, by opowiedzie\u0107 Wam o kierunkach kszta\u0142cenia. To idealny moment, by zada\u0107 wszystkie szczeg\u00f3\u0142owe pytania i sprawdzi\u0107, czy Ekonomik jest miejscem w\u0142a\u015bnie dla Was. Wyb\u00f3r nale\u017cy do Was \u2014 my czekamy z otwartymi drzwiami. Szczeg\u00f3\u0142owe informacje&#8230;<\/p>\n","protected":false},"author":6,"featured_media":998891,"comment_status":"open","ping_status":"open","sticky":false,"template":"","format":"standard","meta":{"inline_featured_image":false},"categories":[322],"tags":[],"_links":{"self":[{"href":"http:\/\/ekonomik.opole.pl\/eko3\/wp-json\/wp\/v2\/posts\/998890"}],"collection":[{"href":"http:\/\/ekonomik.opole.pl\/eko3\/wp-json\/wp\/v2\/posts"}],"about":[{"href":"http:\/\/ekonomik.opole.pl\/eko3\/wp-json\/wp\/v2\/types\/post"}],"author":[{"embeddable":true,"href":"http:\/\/ekonomik.opole.pl\/eko3\/wp-json\/wp\/v2\/users\/6"}],"replies":[{"embeddable":true,"href":"http:\/\/ekonomik.opole.pl\/eko3\/wp-json\/wp\/v2\/comments?post=998890"}],"version-history":[{"count":1,"href":"http:\/\/ekonomik.opole.pl\/eko3\/wp-json\/wp\/v2\/posts\/998890\/revisions"}],"predecessor-version":[{"id":998892,"href":"http:\/\/ekonomik.opole.pl\/eko3\/wp-json\/wp\/v2\/posts\/998890\/revisions\/998892"}],"wp:featuredmedia":[{"embeddable":true,"href":"http:\/\/ekonomik.opole.pl\/eko3\/wp-json\/wp\/v2\/media\/998891"}],"wp:attachment":[{"href":"http:\/\/ekonomik.opole.pl\/eko3\/wp-json\/wp\/v2\/media?parent=998890"}],"wp:term":[{"taxonomy":"category","embeddable":true,"href":"http:\/\/ekonomik.opole.pl\/eko3\/wp-json\/wp\/v2\/categories?post=998890"},{"taxonomy":"post_tag","embeddable":true,"href":"http:\/\/ekonomik.opole.pl\/eko3\/wp-json\/wp\/v2\/tags?post=998890"}],"curies":[{"name":"wp","href":"https:\/\/api.w.org\/{rel}","templated":true}]}}