{"id":998906,"date":"2026-03-23T10:02:00","date_gmt":"2026-03-23T09:02:00","guid":{"rendered":"https:\/\/ekonomik.opole.pl\/eko3\/?p=998906"},"modified":"2026-03-25T10:06:10","modified_gmt":"2026-03-25T09:06:10","slug":"fotograficzna-wystawa-grupowa-w-galerii-m","status":"publish","type":"post","link":"http:\/\/ekonomik.opole.pl\/eko3\/fotograficzna-wystawa-grupowa-w-galerii-m\/","title":{"rendered":"Fotograficzna wystawa grupowa w Galerii M"},"content":{"rendered":"<div class=\"vgblk-rw-wrapper limit-wrapper\">\n<p><strong>R\u00eaverie<\/strong>. Zaduma. Zatopienie si\u0119 w sobie. Chwilowe odci\u0119cie od \u015bwiata zewn\u0119trznego \u2014 dobrowolne, \u0142agodne, g\u0142\u0119boko ludzkie. Wystawa prezentuje prace uczni\u00f3w i uczennic z klasy 3TA w zawodzie technik fotografii i multimedi\u00f3w z Zespo\u0142u Szk\u00f3\u0142 Ekonomicznych im. Gen. Stefana Roweckiego \u201eGrota\u201d w Opolu. Ka\u017cdy z nich interpretuje temat zadumy w spos\u00f3b autonomiczny \u2013 w odmiennej skali, z odmiennym stosunkiem do bohatera i przestrzeni.<\/p>\n\n\n\n<p>Tytu\u0142 wystawy \u2014 R\u00eaverie \u2014 zachowuje celowo obcoj\u0119zyczny zapis, jak gdyby zaznaczaj\u0105c, \u017ce pewne stany wymykaj\u0105 si\u0119 jednoznacznemu przek\u0142adowi. To s\u0142owo-pauza, s\u0142owo-przestrze\u0144. Zaproszenie do chwilowego zawieszenia si\u0119 mi\u0119dzy jednym krokiem a nast\u0119pnym.<\/p>\n\n\n\n<p>\ud835\udded\ud835\uddd4\ud835\udde3\ud835\udde5\ud835\uddd4\ud835\udde6\ud835\udded\ud835\uddd4\ud835\udde0\ud835\uddec | \ud835\udfee\ud835\udff2.\ud835\udfec\ud835\udfef.\ud835\udfee\ud835\udfec\ud835\udfee\ud835\udff2 | \ud835\udfed\ud835\udff3:\ud835\udfec\ud835\udfec<br>GALERIA M przy Miejskim Centrum Wspomagania Edukacji w Opolu<\/p>\n\n\n\n<p>Autorki i autorzy: Zuzanna Behra, Marta Bonk, Zuzanna Bo\u017cek, Emanuel Bryla, Emilia D\u0142ugosz, Oliwia Grochla, Miko\u0142aj Gromek, Julia Kulig, Maria Madej, Marcin Olejnik, Kamila Sucharska, Nadia Szpala<\/p>\n\n\n\n<p>Opiekunowie: Marta Mi\u015b &#8211; kuratorka programu publicznego \/ koordynatorka zespo\u0142u edukacji \ud835\uddda\ud835\uddee\ud835\uddf9\ud835\uddf2\ud835\uddff\ud835\uddf6\ud835\uddf6 \ud835\udde6\ud835\ude07\ud835\ude01\ud835\ude02\ud835\uddf8\ud835\uddf6 \ud835\uddea\ud835\ude00\ud835\uddfd\ud835\uddfc\u0301\u0142\ud835\uddf0\ud835\ude07\ud835\uddf2\ud835\ude00\ud835\uddfb\ud835\uddf2\ud835\uddf7 \ud835\ude04&nbsp; \ud835\udde2\ud835\uddfd\ud835\uddfc\ud835\uddf9\ud835\ude02, Piotr W\u00f3jcik &#8211; nauczyciel przedmiot\u00f3w zawodowych fotograficznych ZSEk w Opolu.&nbsp;<\/p>\n<\/div><!-- .vgblk-rw-wrapper -->","protected":false},"excerpt":{"rendered":"<p>R\u00eaverie. Zaduma. Zatopienie si\u0119 w sobie. Chwilowe odci\u0119cie od \u015bwiata zewn\u0119trznego \u2014 dobrowolne, \u0142agodne, g\u0142\u0119boko ludzkie. Wystawa prezentuje prace uczni\u00f3w i uczennic z klasy 3TA w zawodzie technik fotografii i multimedi\u00f3w z Zespo\u0142u Szk\u00f3\u0142 Ekonomicznych im. Gen. Stefana Roweckiego \u201eGrota\u201d w Opolu. Ka\u017cdy z nich interpretuje temat zadumy w spos\u00f3b autonomiczny \u2013 w odmiennej skali,&#8230;<\/p>\n","protected":false},"author":6,"featured_media":998907,"comment_status":"open","ping_status":"open","sticky":false,"template":"","format":"standard","meta":{"inline_featured_image":false},"categories":[164,208],"tags":[],"_links":{"self":[{"href":"http:\/\/ekonomik.opole.pl\/eko3\/wp-json\/wp\/v2\/posts\/998906"}],"collection":[{"href":"http:\/\/ekonomik.opole.pl\/eko3\/wp-json\/wp\/v2\/posts"}],"about":[{"href":"http:\/\/ekonomik.opole.pl\/eko3\/wp-json\/wp\/v2\/types\/post"}],"author":[{"embeddable":true,"href":"http:\/\/ekonomik.opole.pl\/eko3\/wp-json\/wp\/v2\/users\/6"}],"replies":[{"embeddable":true,"href":"http:\/\/ekonomik.opole.pl\/eko3\/wp-json\/wp\/v2\/comments?post=998906"}],"version-history":[{"count":1,"href":"http:\/\/ekonomik.opole.pl\/eko3\/wp-json\/wp\/v2\/posts\/998906\/revisions"}],"predecessor-version":[{"id":998908,"href":"http:\/\/ekonomik.opole.pl\/eko3\/wp-json\/wp\/v2\/posts\/998906\/revisions\/998908"}],"wp:featuredmedia":[{"embeddable":true,"href":"http:\/\/ekonomik.opole.pl\/eko3\/wp-json\/wp\/v2\/media\/998907"}],"wp:attachment":[{"href":"http:\/\/ekonomik.opole.pl\/eko3\/wp-json\/wp\/v2\/media?parent=998906"}],"wp:term":[{"taxonomy":"category","embeddable":true,"href":"http:\/\/ekonomik.opole.pl\/eko3\/wp-json\/wp\/v2\/categories?post=998906"},{"taxonomy":"post_tag","embeddable":true,"href":"http:\/\/ekonomik.opole.pl\/eko3\/wp-json\/wp\/v2\/tags?post=998906"}],"curies":[{"name":"wp","href":"https:\/\/api.w.org\/{rel}","templated":true}]}}