{"id":998912,"date":"2026-03-28T16:23:03","date_gmt":"2026-03-28T15:23:03","guid":{"rendered":"https:\/\/ekonomik.opole.pl\/eko3\/?p=998912"},"modified":"2026-03-28T16:23:04","modified_gmt":"2026-03-28T15:23:04","slug":"panel-dyskusyjny-social-media-czy-pomagaja-nam-czy-szkodza","status":"publish","type":"post","link":"http:\/\/ekonomik.opole.pl\/eko3\/panel-dyskusyjny-social-media-czy-pomagaja-nam-czy-szkodza\/","title":{"rendered":"Panel dyskusyjny \u201eSocial media. Czy pomagaj\u0105 nam czy szkodz\u0105?&#8221;"},"content":{"rendered":"<div class=\"vgblk-rw-wrapper limit-wrapper\">\n<p>W ramach lekcji Edukacji Obywatelskiej odby\u0142 si\u0119 panel dyskusyjny pt. \u201eSocial media. Czy pomagaj\u0105 nam czy szkodz\u0105?&#8221;<\/p>\n\n\n\n<p>W panelu om\u00f3wiono ankiet\u0119 przeprowadzon\u0105 w\u015br\u00f3d naszych uczni\u00f3w dotycz\u0105c\u0105 wp\u0142ywu social medi\u00f3w na \u017cycie m\u0142odych ludzi. <\/p>\n\n\n\n<p>Pytania dotyczy\u0142y min.: korzystania z social medi\u00f3w, czasu przeznaczonego na korzystanie z medi\u00f3w spo\u0142eczno\u015bciowych czy wp\u0142ywu social medi\u00f3w na jako\u015b\u0107 snu. <\/p>\n\n\n\n<p> Uczniowie wcielili si\u0119 w rol\u0119 psycholog\u00f3w, rodzic\u00f3w, influencer\u00f3w i programist\u00f3w. Przedstawiali sw\u00f3j punkt widzenia. W drugiej cz\u0119\u015bci spotkania om\u00f3wiono r\u00f3\u017cne aspekty wp\u0142ywu AI na nasze \u017cycie, zwracaj\u0105c szczeg\u00f3ln\u0105 uwag\u0119 na zagro\u017cenia.<\/p>\n\n\n\n<p>Panel przygotowa\u0142a klasa 2b przy udziale 2 uczni\u00f3w klasy 3f i uczennicy klasy 2d.Koordynatork\u0105 projektu i opiekunk\u0105 merytoryczn\u0105 by\u0142a Pani Bo\u017cena Babuli\u0144ska-Balawajder &#8211; nauczycielka historii , wiedzy o spo\u0142ecze\u0144stwie i edukacji obywatelskiej.<\/p>\n\n\n\n<p>W panelu uczestniczy\u0142a tak\u017ce Pani Ewa Nowak-K\u00fcbler &#8211; dyrektorka szko\u0142y oraz zaproszone klasy.<\/p>\n\n\n\n<div style=\"height:40px\" aria-hidden=\"true\" class=\"wp-block-spacer\"><\/div>\n\n\n\n<figure class=\"wp-block-gallery columns-5 is-cropped\"><ul class=\"blocks-gallery-grid\"><li class=\"blocks-gallery-item\"><figure><a href=\"http:\/\/ekonomik.opole.pl\/eko3\/wp-content\/uploads\/2026\/03\/DSC_5972-scaled.jpg\"><img loading=\"lazy\" width=\"1024\" height=\"684\" src=\"http:\/\/ekonomik.opole.pl\/eko3\/wp-content\/uploads\/2026\/03\/DSC_5972-1024x684.jpg\" alt=\"\" data-id=\"998914\" data-full-url=\"http:\/\/ekonomik.opole.pl\/eko3\/wp-content\/uploads\/2026\/03\/DSC_5972-scaled.jpg\" data-link=\"https:\/\/ekonomik.opole.pl\/eko3\/?attachment_id=998914\" class=\"wp-image-998914\" srcset=\"http:\/\/ekonomik.opole.pl\/eko3\/wp-content\/uploads\/2026\/03\/DSC_5972-1024x684.jpg 1024w, http:\/\/ekonomik.opole.pl\/eko3\/wp-content\/uploads\/2026\/03\/DSC_5972-300x200.jpg 300w, http:\/\/ekonomik.opole.pl\/eko3\/wp-content\/uploads\/2026\/03\/DSC_5972-768x513.jpg 768w, http:\/\/ekonomik.opole.pl\/eko3\/wp-content\/uploads\/2026\/03\/DSC_5972-1536x1025.jpg 1536w, http:\/\/ekonomik.opole.pl\/eko3\/wp-content\/uploads\/2026\/03\/DSC_5972-2048x1367.jpg 2048w, http:\/\/ekonomik.opole.pl\/eko3\/wp-content\/uploads\/2026\/03\/DSC_5972-1360x908.jpg 1360w, http:\/\/ekonomik.opole.pl\/eko3\/wp-content\/uploads\/2026\/03\/DSC_5972-680x454.jpg 680w\" sizes=\"(max-width: 1024px) 100vw, 1024px\" \/><\/a><\/figure><\/li><li class=\"blocks-gallery-item\"><figure><a href=\"http:\/\/ekonomik.opole.pl\/eko3\/wp-content\/uploads\/2026\/03\/DSC_6013-scaled.jpg\"><img loading=\"lazy\" width=\"684\" height=\"1024\" src=\"http:\/\/ekonomik.opole.pl\/eko3\/wp-content\/uploads\/2026\/03\/DSC_6013-684x1024.jpg\" alt=\"\" data-id=\"998921\" data-full-url=\"http:\/\/ekonomik.opole.pl\/eko3\/wp-content\/uploads\/2026\/03\/DSC_6013-scaled.jpg\" data-link=\"https:\/\/ekonomik.opole.pl\/eko3\/?attachment_id=998921\" class=\"wp-image-998921\" srcset=\"http:\/\/ekonomik.opole.pl\/eko3\/wp-content\/uploads\/2026\/03\/DSC_6013-684x1024.jpg 684w, http:\/\/ekonomik.opole.pl\/eko3\/wp-content\/uploads\/2026\/03\/DSC_6013-200x300.jpg 200w, http:\/\/ekonomik.opole.pl\/eko3\/wp-content\/uploads\/2026\/03\/DSC_6013-768x1150.jpg 768w, http:\/\/ekonomik.opole.pl\/eko3\/wp-content\/uploads\/2026\/03\/DSC_6013-1025x1536.jpg 1025w, http:\/\/ekonomik.opole.pl\/eko3\/wp-content\/uploads\/2026\/03\/DSC_6013-1367x2048.jpg 1367w, http:\/\/ekonomik.opole.pl\/eko3\/wp-content\/uploads\/2026\/03\/DSC_6013-1360x2037.jpg 1360w, http:\/\/ekonomik.opole.pl\/eko3\/wp-content\/uploads\/2026\/03\/DSC_6013-680x1019.jpg 680w, http:\/\/ekonomik.opole.pl\/eko3\/wp-content\/uploads\/2026\/03\/DSC_6013-scaled.jpg 1709w\" sizes=\"(max-width: 684px) 100vw, 684px\" \/><\/a><\/figure><\/li><li class=\"blocks-gallery-item\"><figure><a href=\"http:\/\/ekonomik.opole.pl\/eko3\/wp-content\/uploads\/2026\/03\/DSC_6008-scaled.jpg\"><img loading=\"lazy\" width=\"684\" height=\"1024\" src=\"http:\/\/ekonomik.opole.pl\/eko3\/wp-content\/uploads\/2026\/03\/DSC_6008-684x1024.jpg\" alt=\"\" data-id=\"998919\" data-full-url=\"http:\/\/ekonomik.opole.pl\/eko3\/wp-content\/uploads\/2026\/03\/DSC_6008-scaled.jpg\" data-link=\"https:\/\/ekonomik.opole.pl\/eko3\/?attachment_id=998919\" class=\"wp-image-998919\" srcset=\"http:\/\/ekonomik.opole.pl\/eko3\/wp-content\/uploads\/2026\/03\/DSC_6008-684x1024.jpg 684w, http:\/\/ekonomik.opole.pl\/eko3\/wp-content\/uploads\/2026\/03\/DSC_6008-200x300.jpg 200w, http:\/\/ekonomik.opole.pl\/eko3\/wp-content\/uploads\/2026\/03\/DSC_6008-768x1151.jpg 768w, http:\/\/ekonomik.opole.pl\/eko3\/wp-content\/uploads\/2026\/03\/DSC_6008-1025x1536.jpg 1025w, http:\/\/ekonomik.opole.pl\/eko3\/wp-content\/uploads\/2026\/03\/DSC_6008-1367x2048.jpg 1367w, http:\/\/ekonomik.opole.pl\/eko3\/wp-content\/uploads\/2026\/03\/DSC_6008-1360x2037.jpg 1360w, http:\/\/ekonomik.opole.pl\/eko3\/wp-content\/uploads\/2026\/03\/DSC_6008-680x1019.jpg 680w, http:\/\/ekonomik.opole.pl\/eko3\/wp-content\/uploads\/2026\/03\/DSC_6008-scaled.jpg 1709w\" sizes=\"(max-width: 684px) 100vw, 684px\" \/><\/a><\/figure><\/li><li class=\"blocks-gallery-item\"><figure><a href=\"http:\/\/ekonomik.opole.pl\/eko3\/wp-content\/uploads\/2026\/03\/DSC_6019-scaled.jpg\"><img loading=\"lazy\" width=\"684\" height=\"1024\" src=\"http:\/\/ekonomik.opole.pl\/eko3\/wp-content\/uploads\/2026\/03\/DSC_6019-684x1024.jpg\" alt=\"\" data-id=\"998922\" data-full-url=\"http:\/\/ekonomik.opole.pl\/eko3\/wp-content\/uploads\/2026\/03\/DSC_6019-scaled.jpg\" data-link=\"https:\/\/ekonomik.opole.pl\/eko3\/?attachment_id=998922\" class=\"wp-image-998922\" srcset=\"http:\/\/ekonomik.opole.pl\/eko3\/wp-content\/uploads\/2026\/03\/DSC_6019-684x1024.jpg 684w, http:\/\/ekonomik.opole.pl\/eko3\/wp-content\/uploads\/2026\/03\/DSC_6019-200x300.jpg 200w, http:\/\/ekonomik.opole.pl\/eko3\/wp-content\/uploads\/2026\/03\/DSC_6019-768x1151.jpg 768w, http:\/\/ekonomik.opole.pl\/eko3\/wp-content\/uploads\/2026\/03\/DSC_6019-1025x1536.jpg 1025w, http:\/\/ekonomik.opole.pl\/eko3\/wp-content\/uploads\/2026\/03\/DSC_6019-1367x2048.jpg 1367w, http:\/\/ekonomik.opole.pl\/eko3\/wp-content\/uploads\/2026\/03\/DSC_6019-1360x2037.jpg 1360w, http:\/\/ekonomik.opole.pl\/eko3\/wp-content\/uploads\/2026\/03\/DSC_6019-680x1019.jpg 680w, http:\/\/ekonomik.opole.pl\/eko3\/wp-content\/uploads\/2026\/03\/DSC_6019-scaled.jpg 1709w\" sizes=\"(max-width: 684px) 100vw, 684px\" \/><\/a><\/figure><\/li><li class=\"blocks-gallery-item\"><figure><a href=\"http:\/\/ekonomik.opole.pl\/eko3\/wp-content\/uploads\/2026\/03\/DSC_6009-scaled.jpg\"><img loading=\"lazy\" width=\"684\" height=\"1024\" src=\"http:\/\/ekonomik.opole.pl\/eko3\/wp-content\/uploads\/2026\/03\/DSC_6009-684x1024.jpg\" alt=\"\" data-id=\"998920\" data-full-url=\"http:\/\/ekonomik.opole.pl\/eko3\/wp-content\/uploads\/2026\/03\/DSC_6009-scaled.jpg\" data-link=\"https:\/\/ekonomik.opole.pl\/eko3\/?attachment_id=998920\" class=\"wp-image-998920\" srcset=\"http:\/\/ekonomik.opole.pl\/eko3\/wp-content\/uploads\/2026\/03\/DSC_6009-684x1024.jpg 684w, http:\/\/ekonomik.opole.pl\/eko3\/wp-content\/uploads\/2026\/03\/DSC_6009-200x300.jpg 200w, http:\/\/ekonomik.opole.pl\/eko3\/wp-content\/uploads\/2026\/03\/DSC_6009-768x1151.jpg 768w, http:\/\/ekonomik.opole.pl\/eko3\/wp-content\/uploads\/2026\/03\/DSC_6009-1025x1536.jpg 1025w, http:\/\/ekonomik.opole.pl\/eko3\/wp-content\/uploads\/2026\/03\/DSC_6009-1367x2048.jpg 1367w, http:\/\/ekonomik.opole.pl\/eko3\/wp-content\/uploads\/2026\/03\/DSC_6009-1360x2037.jpg 1360w, http:\/\/ekonomik.opole.pl\/eko3\/wp-content\/uploads\/2026\/03\/DSC_6009-680x1019.jpg 680w, http:\/\/ekonomik.opole.pl\/eko3\/wp-content\/uploads\/2026\/03\/DSC_6009-scaled.jpg 1709w\" sizes=\"(max-width: 684px) 100vw, 684px\" \/><\/a><\/figure><\/li><li class=\"blocks-gallery-item\"><figure><a href=\"http:\/\/ekonomik.opole.pl\/eko3\/wp-content\/uploads\/2026\/03\/DSC_6006-scaled.jpg\"><img loading=\"lazy\" width=\"683\" height=\"1024\" src=\"http:\/\/ekonomik.opole.pl\/eko3\/wp-content\/uploads\/2026\/03\/DSC_6006-683x1024.jpg\" alt=\"\" data-id=\"998918\" data-full-url=\"http:\/\/ekonomik.opole.pl\/eko3\/wp-content\/uploads\/2026\/03\/DSC_6006-scaled.jpg\" data-link=\"https:\/\/ekonomik.opole.pl\/eko3\/?attachment_id=998918\" class=\"wp-image-998918\" srcset=\"http:\/\/ekonomik.opole.pl\/eko3\/wp-content\/uploads\/2026\/03\/DSC_6006-683x1024.jpg 683w, http:\/\/ekonomik.opole.pl\/eko3\/wp-content\/uploads\/2026\/03\/DSC_6006-200x300.jpg 200w, http:\/\/ekonomik.opole.pl\/eko3\/wp-content\/uploads\/2026\/03\/DSC_6006-768x1151.jpg 768w, http:\/\/ekonomik.opole.pl\/eko3\/wp-content\/uploads\/2026\/03\/DSC_6006-1025x1536.jpg 1025w, http:\/\/ekonomik.opole.pl\/eko3\/wp-content\/uploads\/2026\/03\/DSC_6006-1367x2048.jpg 1367w, http:\/\/ekonomik.opole.pl\/eko3\/wp-content\/uploads\/2026\/03\/DSC_6006-1360x2038.jpg 1360w, http:\/\/ekonomik.opole.pl\/eko3\/wp-content\/uploads\/2026\/03\/DSC_6006-680x1019.jpg 680w, http:\/\/ekonomik.opole.pl\/eko3\/wp-content\/uploads\/2026\/03\/DSC_6006-scaled.jpg 1709w\" sizes=\"(max-width: 683px) 100vw, 683px\" \/><\/a><\/figure><\/li><li class=\"blocks-gallery-item\"><figure><a href=\"http:\/\/ekonomik.opole.pl\/eko3\/wp-content\/uploads\/2026\/03\/DSC_6004-scaled.jpg\"><img loading=\"lazy\" width=\"684\" height=\"1024\" src=\"http:\/\/ekonomik.opole.pl\/eko3\/wp-content\/uploads\/2026\/03\/DSC_6004-684x1024.jpg\" alt=\"\" data-id=\"998917\" data-full-url=\"http:\/\/ekonomik.opole.pl\/eko3\/wp-content\/uploads\/2026\/03\/DSC_6004-scaled.jpg\" data-link=\"https:\/\/ekonomik.opole.pl\/eko3\/?attachment_id=998917\" class=\"wp-image-998917\" srcset=\"http:\/\/ekonomik.opole.pl\/eko3\/wp-content\/uploads\/2026\/03\/DSC_6004-684x1024.jpg 684w, http:\/\/ekonomik.opole.pl\/eko3\/wp-content\/uploads\/2026\/03\/DSC_6004-200x300.jpg 200w, http:\/\/ekonomik.opole.pl\/eko3\/wp-content\/uploads\/2026\/03\/DSC_6004-768x1150.jpg 768w, http:\/\/ekonomik.opole.pl\/eko3\/wp-content\/uploads\/2026\/03\/DSC_6004-1025x1536.jpg 1025w, http:\/\/ekonomik.opole.pl\/eko3\/wp-content\/uploads\/2026\/03\/DSC_6004-1367x2048.jpg 1367w, http:\/\/ekonomik.opole.pl\/eko3\/wp-content\/uploads\/2026\/03\/DSC_6004-1360x2037.jpg 1360w, http:\/\/ekonomik.opole.pl\/eko3\/wp-content\/uploads\/2026\/03\/DSC_6004-680x1019.jpg 680w, http:\/\/ekonomik.opole.pl\/eko3\/wp-content\/uploads\/2026\/03\/DSC_6004-scaled.jpg 1709w\" sizes=\"(max-width: 684px) 100vw, 684px\" \/><\/a><\/figure><\/li><li class=\"blocks-gallery-item\"><figure><a href=\"http:\/\/ekonomik.opole.pl\/eko3\/wp-content\/uploads\/2026\/03\/DSC_5989-scaled.jpg\"><img loading=\"lazy\" width=\"684\" height=\"1024\" src=\"http:\/\/ekonomik.opole.pl\/eko3\/wp-content\/uploads\/2026\/03\/DSC_5989-684x1024.jpg\" alt=\"\" data-id=\"998916\" data-full-url=\"http:\/\/ekonomik.opole.pl\/eko3\/wp-content\/uploads\/2026\/03\/DSC_5989-scaled.jpg\" data-link=\"https:\/\/ekonomik.opole.pl\/eko3\/?attachment_id=998916\" class=\"wp-image-998916\" srcset=\"http:\/\/ekonomik.opole.pl\/eko3\/wp-content\/uploads\/2026\/03\/DSC_5989-684x1024.jpg 684w, http:\/\/ekonomik.opole.pl\/eko3\/wp-content\/uploads\/2026\/03\/DSC_5989-200x300.jpg 200w, http:\/\/ekonomik.opole.pl\/eko3\/wp-content\/uploads\/2026\/03\/DSC_5989-768x1150.jpg 768w, http:\/\/ekonomik.opole.pl\/eko3\/wp-content\/uploads\/2026\/03\/DSC_5989-1025x1536.jpg 1025w, http:\/\/ekonomik.opole.pl\/eko3\/wp-content\/uploads\/2026\/03\/DSC_5989-1367x2048.jpg 1367w, http:\/\/ekonomik.opole.pl\/eko3\/wp-content\/uploads\/2026\/03\/DSC_5989-1360x2037.jpg 1360w, http:\/\/ekonomik.opole.pl\/eko3\/wp-content\/uploads\/2026\/03\/DSC_5989-680x1019.jpg 680w, http:\/\/ekonomik.opole.pl\/eko3\/wp-content\/uploads\/2026\/03\/DSC_5989-scaled.jpg 1709w\" sizes=\"(max-width: 684px) 100vw, 684px\" \/><\/a><\/figure><\/li><li class=\"blocks-gallery-item\"><figure><a href=\"http:\/\/ekonomik.opole.pl\/eko3\/wp-content\/uploads\/2026\/03\/DSC_5978-scaled.jpg\"><img loading=\"lazy\" width=\"1024\" height=\"684\" src=\"http:\/\/ekonomik.opole.pl\/eko3\/wp-content\/uploads\/2026\/03\/DSC_5978-1024x684.jpg\" alt=\"\" data-id=\"998915\" data-full-url=\"http:\/\/ekonomik.opole.pl\/eko3\/wp-content\/uploads\/2026\/03\/DSC_5978-scaled.jpg\" data-link=\"https:\/\/ekonomik.opole.pl\/eko3\/?attachment_id=998915\" class=\"wp-image-998915\" srcset=\"http:\/\/ekonomik.opole.pl\/eko3\/wp-content\/uploads\/2026\/03\/DSC_5978-1024x684.jpg 1024w, http:\/\/ekonomik.opole.pl\/eko3\/wp-content\/uploads\/2026\/03\/DSC_5978-300x200.jpg 300w, http:\/\/ekonomik.opole.pl\/eko3\/wp-content\/uploads\/2026\/03\/DSC_5978-768x513.jpg 768w, http:\/\/ekonomik.opole.pl\/eko3\/wp-content\/uploads\/2026\/03\/DSC_5978-1536x1025.jpg 1536w, http:\/\/ekonomik.opole.pl\/eko3\/wp-content\/uploads\/2026\/03\/DSC_5978-2048x1367.jpg 2048w, http:\/\/ekonomik.opole.pl\/eko3\/wp-content\/uploads\/2026\/03\/DSC_5978-1360x908.jpg 1360w, http:\/\/ekonomik.opole.pl\/eko3\/wp-content\/uploads\/2026\/03\/DSC_5978-680x454.jpg 680w\" sizes=\"(max-width: 1024px) 100vw, 1024px\" \/><\/a><\/figure><\/li><\/ul><\/figure>\n<\/div><!-- .vgblk-rw-wrapper -->","protected":false},"excerpt":{"rendered":"<p>W ramach lekcji Edukacji Obywatelskiej odby\u0142 si\u0119 panel dyskusyjny pt. \u201eSocial media. Czy pomagaj\u0105 nam czy szkodz\u0105?&#8221; W panelu om\u00f3wiono ankiet\u0119 przeprowadzon\u0105 w\u015br\u00f3d naszych uczni\u00f3w dotycz\u0105c\u0105 wp\u0142ywu social medi\u00f3w na \u017cycie m\u0142odych ludzi. Pytania dotyczy\u0142y min.: korzystania z social medi\u00f3w, czasu przeznaczonego na korzystanie z medi\u00f3w spo\u0142eczno\u015bciowych czy wp\u0142ywu social medi\u00f3w na jako\u015b\u0107 snu. Uczniowie&#8230;<\/p>\n","protected":false},"author":6,"featured_media":998923,"comment_status":"open","ping_status":"open","sticky":false,"template":"","format":"standard","meta":{"inline_featured_image":false},"categories":[208],"tags":[],"_links":{"self":[{"href":"http:\/\/ekonomik.opole.pl\/eko3\/wp-json\/wp\/v2\/posts\/998912"}],"collection":[{"href":"http:\/\/ekonomik.opole.pl\/eko3\/wp-json\/wp\/v2\/posts"}],"about":[{"href":"http:\/\/ekonomik.opole.pl\/eko3\/wp-json\/wp\/v2\/types\/post"}],"author":[{"embeddable":true,"href":"http:\/\/ekonomik.opole.pl\/eko3\/wp-json\/wp\/v2\/users\/6"}],"replies":[{"embeddable":true,"href":"http:\/\/ekonomik.opole.pl\/eko3\/wp-json\/wp\/v2\/comments?post=998912"}],"version-history":[{"count":1,"href":"http:\/\/ekonomik.opole.pl\/eko3\/wp-json\/wp\/v2\/posts\/998912\/revisions"}],"predecessor-version":[{"id":998924,"href":"http:\/\/ekonomik.opole.pl\/eko3\/wp-json\/wp\/v2\/posts\/998912\/revisions\/998924"}],"wp:featuredmedia":[{"embeddable":true,"href":"http:\/\/ekonomik.opole.pl\/eko3\/wp-json\/wp\/v2\/media\/998923"}],"wp:attachment":[{"href":"http:\/\/ekonomik.opole.pl\/eko3\/wp-json\/wp\/v2\/media?parent=998912"}],"wp:term":[{"taxonomy":"category","embeddable":true,"href":"http:\/\/ekonomik.opole.pl\/eko3\/wp-json\/wp\/v2\/categories?post=998912"},{"taxonomy":"post_tag","embeddable":true,"href":"http:\/\/ekonomik.opole.pl\/eko3\/wp-json\/wp\/v2\/tags?post=998912"}],"curies":[{"name":"wp","href":"https:\/\/api.w.org\/{rel}","templated":true}]}}