{"id":998913,"date":"2026-03-19T16:17:00","date_gmt":"2026-03-19T15:17:00","guid":{"rendered":"https:\/\/ekonomik.opole.pl\/eko3\/?p=998913"},"modified":"2026-03-28T16:25:21","modified_gmt":"2026-03-28T15:25:21","slug":"komisja-edukacji-i-kultury-z-wizyta-w-ekonomiku","status":"publish","type":"post","link":"http:\/\/ekonomik.opole.pl\/eko3\/komisja-edukacji-i-kultury-z-wizyta-w-ekonomiku\/","title":{"rendered":"Komisja Edukacji i Kultury z wizyt\u0105 w Ekonomiku"},"content":{"rendered":"<div class=\"vgblk-rw-wrapper limit-wrapper\">\n<p>Dzi\u015b go\u015bcili\u015bmy przedstawicieli Komisji Edukacji i Kultury Rady Miasta Opola, Naczelnika O\u015bwiaty &#8211; Pana Aleksandra Iszczuka oraz Zast\u0119pc\u0119 Naczelnika &#8211; Pani\u0105 Beat\u0119 Kowal. <\/p>\n\n\n\n<p>Praca komisji skupia si\u0119 na szeroko poj\u0119tym rozwoju o\u015bwiaty i kultury w regionie. <\/p>\n\n\n\n<p>Spotkanie mia\u0142o charakter wspierajacy i diagnozuj\u0105cy najpilniejsze potrzeby naszej szko\u0142y. <\/p>\n\n\n\n<p>Podczas spotkania zaprezentowali si\u0119 tak\u017ce przedstawiciele szkolnej agencji TIMELESS &#8211; Zuzia, Borys, Maciej, Franek i Marta <\/p>\n\n\n\n<p>Dzi\u0119kujemy!<\/p>\n<\/div><!-- .vgblk-rw-wrapper -->","protected":false},"excerpt":{"rendered":"<p>Dzi\u015b go\u015bcili\u015bmy przedstawicieli Komisji Edukacji i Kultury Rady Miasta Opola, Naczelnika O\u015bwiaty &#8211; Pana Aleksandra Iszczuka oraz Zast\u0119pc\u0119 Naczelnika &#8211; Pani\u0105 Beat\u0119 Kowal. Praca komisji skupia si\u0119 na szeroko poj\u0119tym rozwoju o\u015bwiaty i kultury w regionie. Spotkanie mia\u0142o charakter wspierajacy i diagnozuj\u0105cy najpilniejsze potrzeby naszej szko\u0142y. Podczas spotkania zaprezentowali si\u0119 tak\u017ce przedstawiciele szkolnej agencji TIMELESS&#8230;<\/p>\n","protected":false},"author":6,"featured_media":998925,"comment_status":"open","ping_status":"open","sticky":false,"template":"","format":"standard","meta":{"inline_featured_image":false},"categories":[322],"tags":[],"_links":{"self":[{"href":"http:\/\/ekonomik.opole.pl\/eko3\/wp-json\/wp\/v2\/posts\/998913"}],"collection":[{"href":"http:\/\/ekonomik.opole.pl\/eko3\/wp-json\/wp\/v2\/posts"}],"about":[{"href":"http:\/\/ekonomik.opole.pl\/eko3\/wp-json\/wp\/v2\/types\/post"}],"author":[{"embeddable":true,"href":"http:\/\/ekonomik.opole.pl\/eko3\/wp-json\/wp\/v2\/users\/6"}],"replies":[{"embeddable":true,"href":"http:\/\/ekonomik.opole.pl\/eko3\/wp-json\/wp\/v2\/comments?post=998913"}],"version-history":[{"count":1,"href":"http:\/\/ekonomik.opole.pl\/eko3\/wp-json\/wp\/v2\/posts\/998913\/revisions"}],"predecessor-version":[{"id":998926,"href":"http:\/\/ekonomik.opole.pl\/eko3\/wp-json\/wp\/v2\/posts\/998913\/revisions\/998926"}],"wp:featuredmedia":[{"embeddable":true,"href":"http:\/\/ekonomik.opole.pl\/eko3\/wp-json\/wp\/v2\/media\/998925"}],"wp:attachment":[{"href":"http:\/\/ekonomik.opole.pl\/eko3\/wp-json\/wp\/v2\/media?parent=998913"}],"wp:term":[{"taxonomy":"category","embeddable":true,"href":"http:\/\/ekonomik.opole.pl\/eko3\/wp-json\/wp\/v2\/categories?post=998913"},{"taxonomy":"post_tag","embeddable":true,"href":"http:\/\/ekonomik.opole.pl\/eko3\/wp-json\/wp\/v2\/tags?post=998913"}],"curies":[{"name":"wp","href":"https:\/\/api.w.org\/{rel}","templated":true}]}}