{"id":998959,"date":"2026-03-31T16:31:00","date_gmt":"2026-03-31T14:31:00","guid":{"rendered":"https:\/\/ekonomik.opole.pl\/eko3\/?p=998959"},"modified":"2026-04-01T20:35:39","modified_gmt":"2026-04-01T18:35:39","slug":"programisci-w-finale-konkursu-z-cyberbezpieczenstwa-i-programowania","status":"publish","type":"post","link":"http:\/\/ekonomik.opole.pl\/eko3\/programisci-w-finale-konkursu-z-cyberbezpieczenstwa-i-programowania\/","title":{"rendered":"Programi\u015bci w finale konkursu z cyberbezpiecze\u0144stwa i programowania"},"content":{"rendered":"<div class=\"vgblk-rw-wrapper limit-wrapper\">\n<p>Nasi uczniowie ponownie w finale og\u00f3lnopolskiego konkursu z cyberbezpiecze\u0144stwa i programowania! <\/p>\n\n\n\n<p>Bartosz \u0141ukasik i Remigiusz \u0141ukasik z klasy 4 oraz \u0141ukasz Paso\u0144 z klasy 5, kszta\u0142c\u0105cy si\u0119 w zawodzie technik programista, po raz drugi z rz\u0119du zakwalifikowali si\u0119 do Wielkiego Fina\u0142u konkursu CyberSkiller Challenge organizowanego przez Akademi\u0119 Leona Ko\u017ami\u0144skiego w Warszawie.<\/p>\n\n\n\n<p>Do fina\u0142u awansowa\u0142o tylko 20 najlepszych dru\u017cyn z ca\u0142ej Polski, dlatego sam awans jest du\u017cym osi\u0105gni\u0119ciem i potwierdzeniem wysokich umiej\u0119tno\u015bci naszych uczni\u00f3w w zakresie cyberbezpiecze\u0144stwa i programowania.<\/p>\n\n\n\n<p>Fina\u0142 odb\u0119dzie si\u0119 ju\u017c 14 kwietnia w Warszawie. Trzymamy kciuki! \ud83d\udc4f<\/p>\n\n\n\n<p>Opiekun merytoryczny: dr in\u017c. Piotr Dzierwa<\/p>\n\n\n\n<p><a href=\"https:\/\/cscs.pl\/\" target=\"_blank\" rel=\"noreferrer noopener\"><strong><span class=\"has-inline-color has-luminous-vivid-orange-color\">o konkursie<\/span><\/strong><\/a><\/p>\n\n\n\n<p><strong><a href=\"https:\/\/cscs.pl\/wyniki\/\" target=\"_blank\" rel=\"noreferrer noopener\"><span class=\"has-inline-color has-luminous-vivid-orange-color\">wyniki<\/span><\/a><\/strong><\/p>\n<\/div><!-- .vgblk-rw-wrapper -->","protected":false},"excerpt":{"rendered":"<p>Nasi uczniowie ponownie w finale og\u00f3lnopolskiego konkursu z cyberbezpiecze\u0144stwa i programowania! Bartosz \u0141ukasik i Remigiusz \u0141ukasik z klasy 4 oraz \u0141ukasz Paso\u0144 z klasy 5, kszta\u0142c\u0105cy si\u0119 w zawodzie technik programista, po raz drugi z rz\u0119du zakwalifikowali si\u0119 do Wielkiego Fina\u0142u konkursu CyberSkiller Challenge organizowanego przez Akademi\u0119 Leona Ko\u017ami\u0144skiego w Warszawie. Do fina\u0142u awansowa\u0142o tylko&#8230;<\/p>\n","protected":false},"author":6,"featured_media":998960,"comment_status":"open","ping_status":"open","sticky":false,"template":"","format":"standard","meta":{"inline_featured_image":false},"categories":[186,90],"tags":[],"_links":{"self":[{"href":"http:\/\/ekonomik.opole.pl\/eko3\/wp-json\/wp\/v2\/posts\/998959"}],"collection":[{"href":"http:\/\/ekonomik.opole.pl\/eko3\/wp-json\/wp\/v2\/posts"}],"about":[{"href":"http:\/\/ekonomik.opole.pl\/eko3\/wp-json\/wp\/v2\/types\/post"}],"author":[{"embeddable":true,"href":"http:\/\/ekonomik.opole.pl\/eko3\/wp-json\/wp\/v2\/users\/6"}],"replies":[{"embeddable":true,"href":"http:\/\/ekonomik.opole.pl\/eko3\/wp-json\/wp\/v2\/comments?post=998959"}],"version-history":[{"count":1,"href":"http:\/\/ekonomik.opole.pl\/eko3\/wp-json\/wp\/v2\/posts\/998959\/revisions"}],"predecessor-version":[{"id":998961,"href":"http:\/\/ekonomik.opole.pl\/eko3\/wp-json\/wp\/v2\/posts\/998959\/revisions\/998961"}],"wp:featuredmedia":[{"embeddable":true,"href":"http:\/\/ekonomik.opole.pl\/eko3\/wp-json\/wp\/v2\/media\/998960"}],"wp:attachment":[{"href":"http:\/\/ekonomik.opole.pl\/eko3\/wp-json\/wp\/v2\/media?parent=998959"}],"wp:term":[{"taxonomy":"category","embeddable":true,"href":"http:\/\/ekonomik.opole.pl\/eko3\/wp-json\/wp\/v2\/categories?post=998959"},{"taxonomy":"post_tag","embeddable":true,"href":"http:\/\/ekonomik.opole.pl\/eko3\/wp-json\/wp\/v2\/tags?post=998959"}],"curies":[{"name":"wp","href":"https:\/\/api.w.org\/{rel}","templated":true}]}}