{"id":998962,"date":"2026-04-01T16:35:00","date_gmt":"2026-04-01T14:35:00","guid":{"rendered":"https:\/\/ekonomik.opole.pl\/eko3\/?p=998962"},"modified":"2026-04-01T20:39:35","modified_gmt":"2026-04-01T18:39:35","slug":"program-stabilne-wartosci-skuteczne-wsparcie-profilaktyka-i-interwencja-kryzysowa","status":"publish","type":"post","link":"http:\/\/ekonomik.opole.pl\/eko3\/program-stabilne-wartosci-skuteczne-wsparcie-profilaktyka-i-interwencja-kryzysowa\/","title":{"rendered":"Program \u201dStabilne warto\u015bci, Skuteczne Wsparcie \u2013 Profilaktyka i Interwencja Kryzysowa\u201d"},"content":{"rendered":"<div class=\"vgblk-rw-wrapper limit-wrapper\">\n<p>Oferta zespo\u0142u interwent\u00f3w kryzysowych dzia\u0142aj\u0105cych w ramach projektu  \u201dStabilne warto\u015bci, Skuteczne Wsparcie \u2013 Profilaktyka i Interwencja Kryzysowa\u201d realizowanego przez Miejskie Centrum Wspomagania Edukacji w Opolu (Liderem projektu jest Regionalny O\u015brodek Profilaktyki Spo\u0142ecznej w Opolu).<\/p>\n<\/div><!-- .vgblk-rw-wrapper -->","protected":false},"excerpt":{"rendered":"<p>Oferta zespo\u0142u interwent\u00f3w kryzysowych dzia\u0142aj\u0105cych w ramach projektu \u201dStabilne warto\u015bci, Skuteczne Wsparcie \u2013 Profilaktyka i Interwencja Kryzysowa\u201d realizowanego przez Miejskie Centrum Wspomagania Edukacji w Opolu (Liderem projektu jest Regionalny O\u015brodek Profilaktyki Spo\u0142ecznej w Opolu).<\/p>\n","protected":false},"author":6,"featured_media":998963,"comment_status":"open","ping_status":"open","sticky":false,"template":"","format":"standard","meta":{"inline_featured_image":false},"categories":[322],"tags":[],"_links":{"self":[{"href":"http:\/\/ekonomik.opole.pl\/eko3\/wp-json\/wp\/v2\/posts\/998962"}],"collection":[{"href":"http:\/\/ekonomik.opole.pl\/eko3\/wp-json\/wp\/v2\/posts"}],"about":[{"href":"http:\/\/ekonomik.opole.pl\/eko3\/wp-json\/wp\/v2\/types\/post"}],"author":[{"embeddable":true,"href":"http:\/\/ekonomik.opole.pl\/eko3\/wp-json\/wp\/v2\/users\/6"}],"replies":[{"embeddable":true,"href":"http:\/\/ekonomik.opole.pl\/eko3\/wp-json\/wp\/v2\/comments?post=998962"}],"version-history":[{"count":2,"href":"http:\/\/ekonomik.opole.pl\/eko3\/wp-json\/wp\/v2\/posts\/998962\/revisions"}],"predecessor-version":[{"id":998965,"href":"http:\/\/ekonomik.opole.pl\/eko3\/wp-json\/wp\/v2\/posts\/998962\/revisions\/998965"}],"wp:featuredmedia":[{"embeddable":true,"href":"http:\/\/ekonomik.opole.pl\/eko3\/wp-json\/wp\/v2\/media\/998963"}],"wp:attachment":[{"href":"http:\/\/ekonomik.opole.pl\/eko3\/wp-json\/wp\/v2\/media?parent=998962"}],"wp:term":[{"taxonomy":"category","embeddable":true,"href":"http:\/\/ekonomik.opole.pl\/eko3\/wp-json\/wp\/v2\/categories?post=998962"},{"taxonomy":"post_tag","embeddable":true,"href":"http:\/\/ekonomik.opole.pl\/eko3\/wp-json\/wp\/v2\/tags?post=998962"}],"curies":[{"name":"wp","href":"https:\/\/api.w.org\/{rel}","templated":true}]}}