{"id":998990,"date":"2026-04-09T15:30:00","date_gmt":"2026-04-09T13:30:00","guid":{"rendered":"https:\/\/ekonomik.opole.pl\/eko3\/?p=998990"},"modified":"2026-04-09T22:15:19","modified_gmt":"2026-04-09T20:15:19","slug":"mecz-legend-10-kwietnia-2026","status":"publish","type":"post","link":"http:\/\/ekonomik.opole.pl\/eko3\/mecz-legend-10-kwietnia-2026\/","title":{"rendered":"MECZ LEGEND &#8211; 10 KWIETNIA 2026"},"content":{"rendered":"<div class=\"vgblk-rw-wrapper limit-wrapper\">\n<p><strong>POWR\u00d3T LEGEND EKONOMIKA&nbsp;<\/strong><\/p>\n\n\n\n<p><strong>Zapraszamy na wielkie sportowe widowisko, kt\u00f3re odb\u0119dzie si\u0119 ju\u017c jutro (10.04.2026) w Hali Ekonomika przy ul. Duboisa 31A w Opolu.&nbsp;&nbsp;<\/strong><\/p>\n\n\n\n<p><strong>Na parkiecie zobaczymy by\u0142ych reprezentant\u00f3w naszej szko\u0142y \u2013 absolwent\u00f3w &#8211; sportowc\u00f3w, kt\u00f3rzy ponownie za\u0142o\u017c\u0105 koszulki Ekonomika w meczu legend\u00a0<\/strong><\/p>\n\n\n\n<p>Wydarzenie zorganizowane z okazji obchod\u00f3w 80-lecia szko\u0142y.&nbsp;<\/p>\n\n\n\n<p><strong>10:00 \u2013 mecz pan\u00f3w\u00a0<\/strong><\/p>\n\n\n\n<p><strong>organizator Rafa\u0142 Krzyszta\u0142owicz&nbsp;<\/strong><\/p>\n\n\n\n<p><strong>11:45 \u2013 mecz pa\u0144<\/strong><\/p>\n\n\n\n<p><strong>organizator Janina Ficek&nbsp;<\/strong><\/p>\n\n\n\n<p><strong>To b\u0119dzie wyj\u0105tkowe spotkanie pe\u0142ne emocji, wspomnie\u0144 i sportowej pasji!&nbsp;<\/strong><\/p>\n\n\n\n<p><strong>Do zobaczenia!\u00a0<\/strong>\u00a0<\/p>\n\n\n\n<p>Zapraszamy do kibicowania <\/p>\n\n\n\n<div style=\"height:40px\" aria-hidden=\"true\" class=\"wp-block-spacer\"><\/div>\n\n\n\n<figure class=\"wp-block-gallery columns-2 is-cropped\"><ul class=\"blocks-gallery-grid\"><li class=\"blocks-gallery-item\"><figure><a href=\"http:\/\/ekonomik.opole.pl\/eko3\/wp-content\/uploads\/2026\/04\/image0.jpeg\"><img loading=\"lazy\" width=\"819\" height=\"1024\" src=\"http:\/\/ekonomik.opole.pl\/eko3\/wp-content\/uploads\/2026\/04\/image0-819x1024.jpeg\" alt=\"\" data-id=\"998992\" data-full-url=\"http:\/\/ekonomik.opole.pl\/eko3\/wp-content\/uploads\/2026\/04\/image0.jpeg\" data-link=\"https:\/\/ekonomik.opole.pl\/eko3\/?attachment_id=998992\" class=\"wp-image-998992\" srcset=\"http:\/\/ekonomik.opole.pl\/eko3\/wp-content\/uploads\/2026\/04\/image0-819x1024.jpeg 819w, http:\/\/ekonomik.opole.pl\/eko3\/wp-content\/uploads\/2026\/04\/image0-240x300.jpeg 240w, http:\/\/ekonomik.opole.pl\/eko3\/wp-content\/uploads\/2026\/04\/image0-768x960.jpeg 768w, http:\/\/ekonomik.opole.pl\/eko3\/wp-content\/uploads\/2026\/04\/image0-680x850.jpeg 680w, http:\/\/ekonomik.opole.pl\/eko3\/wp-content\/uploads\/2026\/04\/image0.jpeg 1122w\" sizes=\"(max-width: 819px) 100vw, 819px\" \/><\/a><\/figure><\/li><li class=\"blocks-gallery-item\"><figure><a href=\"http:\/\/ekonomik.opole.pl\/eko3\/wp-content\/uploads\/2026\/04\/image1.jpeg\"><img loading=\"lazy\" width=\"726\" height=\"1024\" src=\"http:\/\/ekonomik.opole.pl\/eko3\/wp-content\/uploads\/2026\/04\/image1-726x1024.jpeg\" alt=\"\" data-id=\"998993\" data-full-url=\"http:\/\/ekonomik.opole.pl\/eko3\/wp-content\/uploads\/2026\/04\/image1.jpeg\" data-link=\"https:\/\/ekonomik.opole.pl\/eko3\/?attachment_id=998993\" class=\"wp-image-998993\" srcset=\"http:\/\/ekonomik.opole.pl\/eko3\/wp-content\/uploads\/2026\/04\/image1-726x1024.jpeg 726w, http:\/\/ekonomik.opole.pl\/eko3\/wp-content\/uploads\/2026\/04\/image1-213x300.jpeg 213w, http:\/\/ekonomik.opole.pl\/eko3\/wp-content\/uploads\/2026\/04\/image1-768x1083.jpeg 768w, http:\/\/ekonomik.opole.pl\/eko3\/wp-content\/uploads\/2026\/04\/image1-1090x1536.jpeg 1090w, http:\/\/ekonomik.opole.pl\/eko3\/wp-content\/uploads\/2026\/04\/image1-680x959.jpeg 680w, http:\/\/ekonomik.opole.pl\/eko3\/wp-content\/uploads\/2026\/04\/image1.jpeg 1206w\" sizes=\"(max-width: 726px) 100vw, 726px\" \/><\/a><figcaption class=\"blocks-gallery-item__caption\">Screenshot<\/figcaption><\/figure><\/li><\/ul><\/figure>\n<\/div><!-- .vgblk-rw-wrapper -->","protected":false},"excerpt":{"rendered":"<p>POWR\u00d3T LEGEND EKONOMIKA&nbsp; Zapraszamy na wielkie sportowe widowisko, kt\u00f3re odb\u0119dzie si\u0119 ju\u017c jutro (10.04.2026) w Hali Ekonomika przy ul. Duboisa 31A w Opolu.&nbsp;&nbsp; Na parkiecie zobaczymy by\u0142ych reprezentant\u00f3w naszej szko\u0142y \u2013 absolwent\u00f3w &#8211; sportowc\u00f3w, kt\u00f3rzy ponownie za\u0142o\u017c\u0105 koszulki Ekonomika w meczu legend\u00a0 Wydarzenie zorganizowane z okazji obchod\u00f3w 80-lecia szko\u0142y.&nbsp; 10:00 \u2013 mecz pan\u00f3w\u00a0 organizator Rafa\u0142&#8230;<\/p>\n","protected":false},"author":6,"featured_media":998991,"comment_status":"open","ping_status":"open","sticky":false,"template":"","format":"standard","meta":{"inline_featured_image":false},"categories":[134],"tags":[],"_links":{"self":[{"href":"http:\/\/ekonomik.opole.pl\/eko3\/wp-json\/wp\/v2\/posts\/998990"}],"collection":[{"href":"http:\/\/ekonomik.opole.pl\/eko3\/wp-json\/wp\/v2\/posts"}],"about":[{"href":"http:\/\/ekonomik.opole.pl\/eko3\/wp-json\/wp\/v2\/types\/post"}],"author":[{"embeddable":true,"href":"http:\/\/ekonomik.opole.pl\/eko3\/wp-json\/wp\/v2\/users\/6"}],"replies":[{"embeddable":true,"href":"http:\/\/ekonomik.opole.pl\/eko3\/wp-json\/wp\/v2\/comments?post=998990"}],"version-history":[{"count":1,"href":"http:\/\/ekonomik.opole.pl\/eko3\/wp-json\/wp\/v2\/posts\/998990\/revisions"}],"predecessor-version":[{"id":998994,"href":"http:\/\/ekonomik.opole.pl\/eko3\/wp-json\/wp\/v2\/posts\/998990\/revisions\/998994"}],"wp:featuredmedia":[{"embeddable":true,"href":"http:\/\/ekonomik.opole.pl\/eko3\/wp-json\/wp\/v2\/media\/998991"}],"wp:attachment":[{"href":"http:\/\/ekonomik.opole.pl\/eko3\/wp-json\/wp\/v2\/media?parent=998990"}],"wp:term":[{"taxonomy":"category","embeddable":true,"href":"http:\/\/ekonomik.opole.pl\/eko3\/wp-json\/wp\/v2\/categories?post=998990"},{"taxonomy":"post_tag","embeddable":true,"href":"http:\/\/ekonomik.opole.pl\/eko3\/wp-json\/wp\/v2\/tags?post=998990"}],"curies":[{"name":"wp","href":"https:\/\/api.w.org\/{rel}","templated":true}]}}