{"id":998995,"date":"2026-04-08T11:15:00","date_gmt":"2026-04-08T09:15:00","guid":{"rendered":"https:\/\/ekonomik.opole.pl\/eko3\/?p=998995"},"modified":"2026-04-09T22:20:52","modified_gmt":"2026-04-09T20:20:52","slug":"zjazd-absolwentow-informacje","status":"publish","type":"post","link":"http:\/\/ekonomik.opole.pl\/eko3\/zjazd-absolwentow-informacje\/","title":{"rendered":"ZJAZD ABSOLWENT\u00d3W &#8211; informacje"},"content":{"rendered":"<div class=\"vgblk-rw-wrapper limit-wrapper\">\n<p>Z ogromn\u0105 rado\u015bci\u0105 obserwujemy tak du\u017cy odzew zwi\u0105zany z obchodami 80\u2011lecia naszej szko\u0142y.<\/p>\n\n\n\n<p>Szczeg\u00f3\u0142owy program uroczysto\u015bci otrzymaj\u0105 Pa\u0144stwo przy rejestracji w szkole. Tymczasem przedstawiamy ramowy plan wydarze\u0144 oraz proponujemy sale, w kt\u00f3rych b\u0119dzie mo\u017cna powspomina\u0107 dawne czasy i\u2026 ponownie usi\u0105\u015b\u0107 w szkolnych \u0142awkach.<\/p>\n\n\n\n<p><strong>11.04.2026 r. | sobota<\/strong><\/p>\n\n\n\n<p><strong>\ud835\uddfc\ud835\uddf1 \ud835\udff5:\ud835\udfef\ud835\udfec \ud835\udde5\ud835\uddf2\ud835\uddf7\ud835\uddf2\ud835\ude00\ud835\ude01\ud835\uddff\ud835\uddee\ud835\uddf0\ud835\uddf7\ud835\uddee \ud835\ude02\ud835\uddf0\ud835\ude07\ud835\uddf2\ud835\ude00\ud835\ude01\ud835\uddfb\ud835\uddf6\ud835\uddf8\ud835\uddfc\u0301\ud835\ude04 \ud835\ude00\ud835\uddee\ud835\uddf9\ud835\uddee \ud835\uddfb\ud835\uddff \ud835\udfee (\ud835\uddfd\ud835\uddee\ud835\uddff\ud835\ude01\ud835\uddf2\ud835\uddff \ud835\ude00\ud835\ude07\ud835\uddf8\ud835\uddfc\u0142\ud835\ude06) \ud835\ude02\ud835\uddf9. \ud835\uddde\ud835\uddfc\ud835\ude00\u0301\ud835\uddf0\ud835\uddf6\ud835\ude02\ud835\ude00\ud835\ude07\ud835\uddf8\ud835\uddf6 \ud835\udff0\ud835\udfef<\/strong><\/p>\n\n\n\n<p>9:00 &#8211; 10:00 Msza \u015bwi\u0119ta w Ko\u015bciele \u015awi\u0119tych Aposto\u0142\u00f3w Piotra i Paw\u0142a, ul. A. Mickiewicza 1<\/p>\n\n\n\n<p>10:30 &#8211; 12:20 Uroczysto\u015bci zwi\u0105zane z 80-leciem plac\u00f3wki oraz spotkaniem absolwent\u00f3w \ud835\ude04 \ud835\uddee\ud835\ude02\ud835\uddf9\ud835\uddf6 \ud835\ude00\ud835\ude07\ud835\uddf8\ud835\uddfc\ud835\uddf9\ud835\uddfb\ud835\uddf2\ud835\uddf7 &#8211; liczba miejsc ograniczona. \ud835\udde7\ud835\uddff\ud835\uddee\ud835\uddfb\ud835\ude00\ud835\uddfa\ud835\uddf6\ud835\ude00\ud835\uddf7\ud835\uddee \ud835\uddfb\ud835\uddee \ud835\ude07\u0307\ud835\ude06\ud835\ude04\ud835\uddfc \ud835\ude04 \ud835\ude00\ud835\uddee\ud835\uddf9\ud835\uddee\ud835\uddf0\ud835\uddf5: \ud835\udfee\ud835\udff3, \ud835\udfee\ud835\udff4, \ud835\udfef\ud835\udfef, \ud835\udff0\ud835\udfed<\/p>\n\n\n\n<p>12:30 \u2013 tort z okazji 80-lecia Zespo\u0142u Szk\u00f3\u0142 Ekonomicznych (II pi\u0119tro \u2013 obok pokoju nauczycielskiego)<\/p>\n\n\n\n<p>12:45 &#8211; sala 22 &#8211; ods\u0142oni\u0119cie tablicy pami\u0105tkowej dla Pani Tamary S\u0142odkowskiej-Tram\u015b &#8211; nauczycielki ZSEk<\/p>\n\n\n\n<p>12:30 &#8211; 15:00 &#8211; grill na boisku szkolnym\u00a0<img loading=\"lazy\" height=\"16\" width=\"16\" alt=\"\ud83c\udf2d\" src=\"https:\/\/static.xx.fbcdn.net\/images\/emoji.php\/v9\/t7d\/1\/16\/1f32d.png\"><\/p>\n\n\n\n<p>13:30 &#8211; Wsp\u00f3lny taniec absolwent\u00f3w &#8211; Polonez (boisko szkolne)<\/p>\n\n\n\n<p>14:00 &#8211; Wsp\u00f3lne zdj\u0119cie wszystkich uczestnik\u00f3w zjazdu absolwent\u00f3w (boisko szkolne)<\/p>\n\n\n\n<p>15:30 Zako\u0144czenie zjazdu<br><\/p>\n\n\n\n<p><br><strong>STREFY SPOTKA\u0143 + KAWIARENKI<\/strong><\/p>\n\n\n\n<p>Sala nr 25 i 31 &#8211; (II pi\u0119tro) historia zapisana na kartach kronik szkolnych &#8211; wystawa<\/p>\n\n\n\n<p>Sala nr 6 (parter) &#8211; historia sportu Ekonomika &#8211; wystawa<\/p>\n\n\n\n<p>Sala 38 (II pi\u0119tro) &#8211; \u201ePrzez dziesi\u0119ciolecia\u201d &#8211; wystawa<\/p>\n\n\n\n<p>Sala 20 i 21 (I pi\u0119tro) &#8211; strefa go\u015bci honorowych \u2013 sala dla nauczycieli emerytowanych, nauczycieli ucz\u0105cych dawniej i dzi\u015b<\/p>\n\n\n\n<p>Sala 8 (parter) \u2013 kawiarenka&nbsp;<img loading=\"lazy\" height=\"16\" width=\"16\" alt=\"\u2615\" src=\"https:\/\/static.xx.fbcdn.net\/images\/emoji.php\/v9\/t91\/1\/16\/2615.png\">&nbsp;miejsce spotka\u0144<\/p>\n\n\n\n<p>Sala 27 (I pi\u0119tro) &#8211; \u201eU ekonomist\u00f3w\u201d &#8211; kawiarenka&nbsp;<img loading=\"lazy\" height=\"16\" width=\"16\" alt=\"\u2615\" src=\"https:\/\/static.xx.fbcdn.net\/images\/emoji.php\/v9\/t91\/1\/16\/2615.png\">&nbsp;miejsce spotka\u0144<\/p>\n\n\n\n<p>Sala 49 (III pi\u0119tro) &#8211; kawiarenka&nbsp;<img loading=\"lazy\" height=\"16\" width=\"16\" alt=\"\u2615\" src=\"https:\/\/static.xx.fbcdn.net\/images\/emoji.php\/v9\/t91\/1\/16\/2615.png\">&nbsp;miejsce spotka\u0144<\/p>\n\n\n\n<div style=\"height:25px\" aria-hidden=\"true\" class=\"wp-block-spacer\"><\/div>\n\n\n\n<p>Fot. \/ \u0179r\u00f3d\u0142o: Narodowe Archiwum Cyfrowe, syg. 3\/8\/830 \/ Grzegorz Hussak<\/p>\n<\/div><!-- .vgblk-rw-wrapper -->","protected":false},"excerpt":{"rendered":"<p>Z ogromn\u0105 rado\u015bci\u0105 obserwujemy tak du\u017cy odzew zwi\u0105zany z obchodami 80\u2011lecia naszej szko\u0142y. Szczeg\u00f3\u0142owy program uroczysto\u015bci otrzymaj\u0105 Pa\u0144stwo przy rejestracji w szkole. Tymczasem przedstawiamy ramowy plan wydarze\u0144 oraz proponujemy sale, w kt\u00f3rych b\u0119dzie mo\u017cna powspomina\u0107 dawne czasy i\u2026 ponownie usi\u0105\u015b\u0107 w szkolnych \u0142awkach. 11.04.2026 r. | sobota \ud835\uddfc\ud835\uddf1 \ud835\udff5:\ud835\udfef\ud835\udfec \ud835\udde5\ud835\uddf2\ud835\uddf7\ud835\uddf2\ud835\ude00\ud835\ude01\ud835\uddff\ud835\uddee\ud835\uddf0\ud835\uddf7\ud835\uddee \ud835\ude02\ud835\uddf0\ud835\ude07\ud835\uddf2\ud835\ude00\ud835\ude01\ud835\uddfb\ud835\uddf6\ud835\uddf8\ud835\uddfc\u0301\ud835\ude04 \ud835\ude00\ud835\uddee\ud835\uddf9\ud835\uddee \ud835\uddfb\ud835\uddff \ud835\udfee (\ud835\uddfd\ud835\uddee\ud835\uddff\ud835\ude01\ud835\uddf2\ud835\uddff&#8230;<\/p>\n","protected":false},"author":6,"featured_media":998996,"comment_status":"open","ping_status":"open","sticky":false,"template":"","format":"standard","meta":{"inline_featured_image":false},"categories":[322],"tags":[],"_links":{"self":[{"href":"http:\/\/ekonomik.opole.pl\/eko3\/wp-json\/wp\/v2\/posts\/998995"}],"collection":[{"href":"http:\/\/ekonomik.opole.pl\/eko3\/wp-json\/wp\/v2\/posts"}],"about":[{"href":"http:\/\/ekonomik.opole.pl\/eko3\/wp-json\/wp\/v2\/types\/post"}],"author":[{"embeddable":true,"href":"http:\/\/ekonomik.opole.pl\/eko3\/wp-json\/wp\/v2\/users\/6"}],"replies":[{"embeddable":true,"href":"http:\/\/ekonomik.opole.pl\/eko3\/wp-json\/wp\/v2\/comments?post=998995"}],"version-history":[{"count":1,"href":"http:\/\/ekonomik.opole.pl\/eko3\/wp-json\/wp\/v2\/posts\/998995\/revisions"}],"predecessor-version":[{"id":998997,"href":"http:\/\/ekonomik.opole.pl\/eko3\/wp-json\/wp\/v2\/posts\/998995\/revisions\/998997"}],"wp:featuredmedia":[{"embeddable":true,"href":"http:\/\/ekonomik.opole.pl\/eko3\/wp-json\/wp\/v2\/media\/998996"}],"wp:attachment":[{"href":"http:\/\/ekonomik.opole.pl\/eko3\/wp-json\/wp\/v2\/media?parent=998995"}],"wp:term":[{"taxonomy":"category","embeddable":true,"href":"http:\/\/ekonomik.opole.pl\/eko3\/wp-json\/wp\/v2\/categories?post=998995"},{"taxonomy":"post_tag","embeddable":true,"href":"http:\/\/ekonomik.opole.pl\/eko3\/wp-json\/wp\/v2\/tags?post=998995"}],"curies":[{"name":"wp","href":"https:\/\/api.w.org\/{rel}","templated":true}]}}