{"id":999072,"date":"2026-04-19T14:54:05","date_gmt":"2026-04-19T12:54:05","guid":{"rendered":"https:\/\/ekonomik.opole.pl\/eko3\/?p=999072"},"modified":"2026-04-19T14:54:06","modified_gmt":"2026-04-19T12:54:06","slug":"konkurs-na-plakat-promujacy-miedzynarodowy-dzien-mediacji-2026","status":"publish","type":"post","link":"http:\/\/ekonomik.opole.pl\/eko3\/konkurs-na-plakat-promujacy-miedzynarodowy-dzien-mediacji-2026\/","title":{"rendered":"Konkurs na plakat promuj\u0105cy Mi\u0119dzynarodowy Dzie\u0144 Mediacji 2026"},"content":{"rendered":"<div class=\"vgblk-rw-wrapper limit-wrapper\">\n<p><br>Ministerstwo Sprawiedliwo\u015bci po raz kolejny organizuje Konkurs&nbsp;<strong>na plakat promuj\u0105cy Mi\u0119dzynarodowy Dzie\u0144 Mediacji 2026.&nbsp;<\/strong>Zadanie konkursowe polega na przygotowaniu plakatu, kt\u00f3ry w kreatywny spos\u00f3b przedstawia mediacj\u0119 jako skuteczn\u0105 metod\u0119 rozwi\u0105zywania konflikt\u00f3w.<\/p>\n\n\n\n<p>Zwracamy si\u0119 z uprzejm\u0105 pro\u015bb\u0105 o przekazanie informacji o konkursie uczniom oraz zamieszczenie jej w dost\u0119pnych Pa\u0144stwu kana\u0142ach komunikacji, takich jak strona internetowa szko\u0142y, media spo\u0142eczno\u015bciowe czy tablice og\u0142osze\u0144.<\/p>\n\n\n\n<p><strong>Jak wzi\u0105\u0107 udzia\u0142?<\/strong><\/p>\n\n\n\n<p>Aby zg\u0142osi\u0107 prac\u0119 konkursow\u0105, nale\u017cy wype\u0142ni\u0107 formularz dost\u0119pny pod adresem:\u00a0<a rel=\"noreferrer noopener\" target=\"_blank\" href=\"https:\/\/konkursnaplakat26.webankieta.pl\/\"><strong>https:\/\/konkursnaplakat26.webankieta.pl\/<\/strong><\/a>\u00a0oraz do\u0142\u0105czy\u0107 skan\u00a0<strong>pracy konkursowej w formacie okre\u015blonym w regulaminie i skan odpowiedniego za\u0142\u0105cznika\u00a0<\/strong>(<a rel=\"noreferrer noopener\" target=\"_blank\" href=\"https:\/\/www.gov.pl\/attachment\/41bdfc51-f3ef-40a4-9ea1-92faf9cc8e26\"><strong>uczestnik niepe\u0142noletni<\/strong><\/a>\u00a0lub\u00a0<a rel=\"noreferrer noopener\" target=\"_blank\" href=\"https:\/\/www.gov.pl\/attachment\/85ab5223-06e3-486f-bd9e-9478db4d85cd\"><strong>uczestnik pe\u0142noletni<\/strong><\/a>).<\/p>\n\n\n\n<p><strong>Najwa\u017cniejsze informacje o konkursie:<\/strong><\/p>\n\n\n\n<ul><li>Adresaci: dzieci i m\u0142odzie\u017c szkolna<\/li><li>Termin nadsy\u0142ania prac:&nbsp;<strong>31 maja 2026 r.<\/strong><\/li><li>Og\u0142oszenie wynik\u00f3w:&nbsp;<strong>14 wrze\u015bnia 2026 r.<\/strong><\/li><li>Nagrody: tablety, s\u0142uchawki i g\u0142o\u015bniki bezprzewodowe, dyplomy oraz zaproszenie na spotkanie w Ministerstwie Sprawiedliwo\u015bci.<\/li><\/ul>\n\n\n\n<p>Szczeg\u00f3\u0142owe informacje, w tym&nbsp;<strong><u>regulamin konkursu wraz z za\u0142\u0105cznikami<\/u><\/strong>&nbsp;oraz wymagania dotycz\u0105ce prac, s\u0105 dost\u0119pne na stronie:<\/p>\n\n\n\n<p><a href=\"https:\/\/www.gov.pl\/web\/sprawiedliwosc\/konkurs-na-plakat-promujacy-miedzynarodowy-dzien-mediacji-2027\"><strong>https:\/\/www.gov.pl\/web\/sprawiedliwosc\/konkurs-na-plakat-promujacy-miedzynarodowy-dzien-mediacji-2027<\/strong><\/a><\/p>\n\n\n\n<p>Zach\u0119camy do polubienia profilu&nbsp;<em>MEDIACJA&nbsp;<\/em>na Instagramie oraz Facebook\u2019u:<\/p>\n\n\n\n<p><a href=\"https:\/\/www.instagram.com\/mediacja_gov_pl\"><strong>https:\/\/www.instagram.com\/mediacja_gov_pl<\/strong><\/a><\/p>\n\n\n\n<p><a href=\"https:\/\/www.facebook.com\/mediacja.gov\/\"><strong>https:\/\/www.facebook.com\/mediacja.gov\/<\/strong><\/a><\/p>\n<\/div><!-- .vgblk-rw-wrapper -->","protected":false},"excerpt":{"rendered":"<p>Ministerstwo Sprawiedliwo\u015bci po raz kolejny organizuje Konkurs&nbsp;na plakat promuj\u0105cy Mi\u0119dzynarodowy Dzie\u0144 Mediacji 2026.&nbsp;Zadanie konkursowe polega na przygotowaniu plakatu, kt\u00f3ry w kreatywny spos\u00f3b przedstawia mediacj\u0119 jako skuteczn\u0105 metod\u0119 rozwi\u0105zywania konflikt\u00f3w. Zwracamy si\u0119 z uprzejm\u0105 pro\u015bb\u0105 o przekazanie informacji o konkursie uczniom oraz zamieszczenie jej w dost\u0119pnych Pa\u0144stwu kana\u0142ach komunikacji, takich jak strona internetowa szko\u0142y, media spo\u0142eczno\u015bciowe&#8230;<\/p>\n","protected":false},"author":6,"featured_media":999075,"comment_status":"open","ping_status":"open","sticky":false,"template":"","format":"standard","meta":{"inline_featured_image":false},"categories":[322],"tags":[],"_links":{"self":[{"href":"http:\/\/ekonomik.opole.pl\/eko3\/wp-json\/wp\/v2\/posts\/999072"}],"collection":[{"href":"http:\/\/ekonomik.opole.pl\/eko3\/wp-json\/wp\/v2\/posts"}],"about":[{"href":"http:\/\/ekonomik.opole.pl\/eko3\/wp-json\/wp\/v2\/types\/post"}],"author":[{"embeddable":true,"href":"http:\/\/ekonomik.opole.pl\/eko3\/wp-json\/wp\/v2\/users\/6"}],"replies":[{"embeddable":true,"href":"http:\/\/ekonomik.opole.pl\/eko3\/wp-json\/wp\/v2\/comments?post=999072"}],"version-history":[{"count":1,"href":"http:\/\/ekonomik.opole.pl\/eko3\/wp-json\/wp\/v2\/posts\/999072\/revisions"}],"predecessor-version":[{"id":999076,"href":"http:\/\/ekonomik.opole.pl\/eko3\/wp-json\/wp\/v2\/posts\/999072\/revisions\/999076"}],"wp:featuredmedia":[{"embeddable":true,"href":"http:\/\/ekonomik.opole.pl\/eko3\/wp-json\/wp\/v2\/media\/999075"}],"wp:attachment":[{"href":"http:\/\/ekonomik.opole.pl\/eko3\/wp-json\/wp\/v2\/media?parent=999072"}],"wp:term":[{"taxonomy":"category","embeddable":true,"href":"http:\/\/ekonomik.opole.pl\/eko3\/wp-json\/wp\/v2\/categories?post=999072"},{"taxonomy":"post_tag","embeddable":true,"href":"http:\/\/ekonomik.opole.pl\/eko3\/wp-json\/wp\/v2\/tags?post=999072"}],"curies":[{"name":"wp","href":"https:\/\/api.w.org\/{rel}","templated":true}]}}