{"id":999073,"date":"2026-04-17T14:44:00","date_gmt":"2026-04-17T12:44:00","guid":{"rendered":"https:\/\/ekonomik.opole.pl\/eko3\/?p=999073"},"modified":"2026-04-19T15:31:43","modified_gmt":"2026-04-19T13:31:43","slug":"dwie-finalistki-ogolnopolskiej-olimpiady-rachunkowosc-w-biznesie","status":"publish","type":"post","link":"http:\/\/ekonomik.opole.pl\/eko3\/dwie-finalistki-ogolnopolskiej-olimpiady-rachunkowosc-w-biznesie\/","title":{"rendered":"Dwie finalistki og\u00f3lnopolskiej Olimpiady \u201eRachunkowo\u015b\u0107 w Biznesie\u201d"},"content":{"rendered":"<div class=\"vgblk-rw-wrapper limit-wrapper\">\n<p>Z dum\u0105 informujemy, \u017ce uczennice technikum rachunkowo\u015bci naszej szko\u0142y,\u00a0<strong>Kasandra Bieniek<\/strong>\u00a0oraz\u00a0<strong>Wiktoria Kub\u00f3w<\/strong>, odnios\u0142y wielki sukces, zdobywaj\u0105c tytu\u0142y\u00a0<strong>finalistek og\u00f3lnopolskiej Olimpiady \u201eRachunkowo\u015b\u0107 w Biznesie\u201d<\/strong>.<\/p>\n\n\n\n<p>Fina\u0142 odby\u0142 si\u0119 15 kwietnia 2026r. w Warszawie. Olimpiada organizowana jest przez Stowarzyszenie Ksi\u0119gowych w Polsce i jest obj\u0119ta patronatem Ministerstwa Finans\u00f3w.<\/p>\n\n\n\n<p>Uczennice rozwija\u0142y swoje pasje i wiedz\u0119 pod kierunkiem pani Anny Suchi\u0144skiej.<br><br>Gratulujemy.<\/p>\n<\/div><!-- .vgblk-rw-wrapper -->","protected":false},"excerpt":{"rendered":"<p>Z dum\u0105 informujemy, \u017ce uczennice technikum rachunkowo\u015bci naszej szko\u0142y,\u00a0Kasandra Bieniek\u00a0oraz\u00a0Wiktoria Kub\u00f3w, odnios\u0142y wielki sukces, zdobywaj\u0105c tytu\u0142y\u00a0finalistek og\u00f3lnopolskiej Olimpiady \u201eRachunkowo\u015b\u0107 w Biznesie\u201d. Fina\u0142 odby\u0142 si\u0119 15 kwietnia 2026r. w Warszawie. Olimpiada organizowana jest przez Stowarzyszenie Ksi\u0119gowych w Polsce i jest obj\u0119ta patronatem Ministerstwa Finans\u00f3w. Uczennice rozwija\u0142y swoje pasje i wiedz\u0119 pod kierunkiem pani Anny Suchi\u0144skiej. Gratulujemy.<\/p>\n","protected":false},"author":6,"featured_media":999077,"comment_status":"open","ping_status":"open","sticky":false,"template":"","format":"standard","meta":{"inline_featured_image":false},"categories":[87,171,186],"tags":[],"_links":{"self":[{"href":"http:\/\/ekonomik.opole.pl\/eko3\/wp-json\/wp\/v2\/posts\/999073"}],"collection":[{"href":"http:\/\/ekonomik.opole.pl\/eko3\/wp-json\/wp\/v2\/posts"}],"about":[{"href":"http:\/\/ekonomik.opole.pl\/eko3\/wp-json\/wp\/v2\/types\/post"}],"author":[{"embeddable":true,"href":"http:\/\/ekonomik.opole.pl\/eko3\/wp-json\/wp\/v2\/users\/6"}],"replies":[{"embeddable":true,"href":"http:\/\/ekonomik.opole.pl\/eko3\/wp-json\/wp\/v2\/comments?post=999073"}],"version-history":[{"count":1,"href":"http:\/\/ekonomik.opole.pl\/eko3\/wp-json\/wp\/v2\/posts\/999073\/revisions"}],"predecessor-version":[{"id":999078,"href":"http:\/\/ekonomik.opole.pl\/eko3\/wp-json\/wp\/v2\/posts\/999073\/revisions\/999078"}],"wp:featuredmedia":[{"embeddable":true,"href":"http:\/\/ekonomik.opole.pl\/eko3\/wp-json\/wp\/v2\/media\/999077"}],"wp:attachment":[{"href":"http:\/\/ekonomik.opole.pl\/eko3\/wp-json\/wp\/v2\/media?parent=999073"}],"wp:term":[{"taxonomy":"category","embeddable":true,"href":"http:\/\/ekonomik.opole.pl\/eko3\/wp-json\/wp\/v2\/categories?post=999073"},{"taxonomy":"post_tag","embeddable":true,"href":"http:\/\/ekonomik.opole.pl\/eko3\/wp-json\/wp\/v2\/tags?post=999073"}],"curies":[{"name":"wp","href":"https:\/\/api.w.org\/{rel}","templated":true}]}}