{"id":999074,"date":"2026-04-17T15:39:00","date_gmt":"2026-04-17T13:39:00","guid":{"rendered":"https:\/\/ekonomik.opole.pl\/eko3\/?p=999074"},"modified":"2026-04-19T15:40:36","modified_gmt":"2026-04-19T13:40:36","slug":"final-xxxiii-edycji-konkursu-recytatorskiego-poezji-jenieckiej-nie-tracmy-pamieci","status":"publish","type":"post","link":"http:\/\/ekonomik.opole.pl\/eko3\/final-xxxiii-edycji-konkursu-recytatorskiego-poezji-jenieckiej-nie-tracmy-pamieci\/","title":{"rendered":"Fina\u0142 XXXIII edycji Konkursu Recytatorskiego Poezji Jenieckiej \u201eNie tra\u0107my pami\u0119ci\u201d"},"content":{"rendered":"<div class=\"vgblk-rw-wrapper limit-wrapper\">\n<p><strong>17 kwietnia w siedzibie Muzeum w \u0141ambinowicach, odby\u0142 si\u0119 fina\u0142 XXXIII edycji Konkursu Recytatorskiego Poezji Jenieckiej \u201eNie tra\u0107my pami\u0119ci\u201d. Udzia\u0142 w nim wzi\u0119\u0142o 77 uczni\u00f3w z wojew\u00f3dztwa opolskiego. Przes\u0142uchania by\u0142y prowadzone w trzech kategoriach wiekowych. <\/strong><\/p>\n\n\n\n<p>Recytator\u00f3w ocenia\u0142o Jury, w sk\u0142ad kt\u00f3rego weszli opolscy aktorzy teatralni, poeci i filolodzy. Nasz\u0105 szko\u0142\u0119 reprezentowali Martyna Knapik z klasy 4c, Aneta Wieszala z klasy 5e oraz Szymon Serafin z klasy 5c, dla kt\u00f3rych\u00a0 nie to by\u0142o pierwsze spotkanie z poezj\u0105.<\/p>\n\n\n\n<p>Recytatorzy musieli zaprezentowa\u0107&nbsp; jeden, wybrany przez siebie utw\u00f3r o tematyce zwi\u0105zanej z hitlerowskimi lub stalinowskimi obozami, w szczeg\u00f3lno\u015bci jenieckimi. To trudna problematyka, jednak niezwykle wa\u017cna w kontek\u015bcie tocz\u0105cych si\u0119 obecnie na \u015bwiecie licznych konflikt\u00f3w wojennych. Wszyscy nasi recytatorzy przygotowali znakomite interpretacje, a poziom konkursowych zmaga\u0144 by\u0142 bardzo wysoki.<\/p>\n\n\n\n<p>Jury doceni\u0142o szczeg\u00f3lnie Szymona Serafina przyznaj\u0105c mu II miejsce w kategorii szk\u00f3\u0142 ponadpodstawowych. Serdecznie gratulujemy laureatowi oraz pani prof. Beacie Krywalskiej-Wlaz\u0142o, kt\u00f3ra przygotowa\u0142a uczestnika. Aneta oraz Szymon ko\u0144cz\u0105 w tym roku nasz\u0105 szko\u0142\u0119, mamy nadziej\u0119, \u017ce Martyna oraz inni\u00a0 pasjonaci poezji i sztuki pi\u0119knego s\u0142owa podtrzymaj\u0105 tradycj\u0119 recytacji w Ekonomiku w nast\u0119pnych latach.<\/p>\n\n\n\n<div style=\"height:32px\" aria-hidden=\"true\" class=\"wp-block-spacer\"><\/div>\n\n\n\n<figure class=\"wp-block-gallery columns-3 is-cropped\"><ul class=\"blocks-gallery-grid\"><li class=\"blocks-gallery-item\"><figure><a href=\"http:\/\/ekonomik.opole.pl\/eko3\/wp-content\/uploads\/2026\/04\/1.webp\"><img loading=\"lazy\" width=\"768\" height=\"1024\" src=\"http:\/\/ekonomik.opole.pl\/eko3\/wp-content\/uploads\/2026\/04\/1-768x1024.webp\" alt=\"\" data-id=\"999084\" data-full-url=\"http:\/\/ekonomik.opole.pl\/eko3\/wp-content\/uploads\/2026\/04\/1.webp\" data-link=\"https:\/\/ekonomik.opole.pl\/eko3\/?attachment_id=999084\" class=\"wp-image-999084\" srcset=\"http:\/\/ekonomik.opole.pl\/eko3\/wp-content\/uploads\/2026\/04\/1-768x1024.webp 768w, http:\/\/ekonomik.opole.pl\/eko3\/wp-content\/uploads\/2026\/04\/1-225x300.webp 225w, http:\/\/ekonomik.opole.pl\/eko3\/wp-content\/uploads\/2026\/04\/1-1152x1536.webp 1152w, http:\/\/ekonomik.opole.pl\/eko3\/wp-content\/uploads\/2026\/04\/1-1360x1813.webp 1360w, http:\/\/ekonomik.opole.pl\/eko3\/wp-content\/uploads\/2026\/04\/1-680x907.webp 680w, http:\/\/ekonomik.opole.pl\/eko3\/wp-content\/uploads\/2026\/04\/1.webp 1536w\" sizes=\"(max-width: 768px) 100vw, 768px\" \/><\/a><\/figure><\/li><li class=\"blocks-gallery-item\"><figure><a href=\"http:\/\/ekonomik.opole.pl\/eko3\/wp-content\/uploads\/2026\/04\/2.webp\"><img loading=\"lazy\" width=\"768\" height=\"1024\" src=\"http:\/\/ekonomik.opole.pl\/eko3\/wp-content\/uploads\/2026\/04\/2-768x1024.webp\" alt=\"\" data-id=\"999083\" data-full-url=\"http:\/\/ekonomik.opole.pl\/eko3\/wp-content\/uploads\/2026\/04\/2.webp\" data-link=\"https:\/\/ekonomik.opole.pl\/eko3\/?attachment_id=999083\" class=\"wp-image-999083\" srcset=\"http:\/\/ekonomik.opole.pl\/eko3\/wp-content\/uploads\/2026\/04\/2-768x1024.webp 768w, http:\/\/ekonomik.opole.pl\/eko3\/wp-content\/uploads\/2026\/04\/2-225x300.webp 225w, http:\/\/ekonomik.opole.pl\/eko3\/wp-content\/uploads\/2026\/04\/2-1152x1536.webp 1152w, http:\/\/ekonomik.opole.pl\/eko3\/wp-content\/uploads\/2026\/04\/2-1360x1813.webp 1360w, http:\/\/ekonomik.opole.pl\/eko3\/wp-content\/uploads\/2026\/04\/2-680x907.webp 680w, http:\/\/ekonomik.opole.pl\/eko3\/wp-content\/uploads\/2026\/04\/2.webp 1536w\" sizes=\"(max-width: 768px) 100vw, 768px\" \/><\/a><\/figure><\/li><li class=\"blocks-gallery-item\"><figure><a href=\"http:\/\/ekonomik.opole.pl\/eko3\/wp-content\/uploads\/2026\/04\/3.webp\"><img loading=\"lazy\" width=\"768\" height=\"1024\" src=\"http:\/\/ekonomik.opole.pl\/eko3\/wp-content\/uploads\/2026\/04\/3-768x1024.webp\" alt=\"\" data-id=\"999082\" data-full-url=\"http:\/\/ekonomik.opole.pl\/eko3\/wp-content\/uploads\/2026\/04\/3.webp\" data-link=\"https:\/\/ekonomik.opole.pl\/eko3\/?attachment_id=999082\" class=\"wp-image-999082\" srcset=\"http:\/\/ekonomik.opole.pl\/eko3\/wp-content\/uploads\/2026\/04\/3-768x1024.webp 768w, http:\/\/ekonomik.opole.pl\/eko3\/wp-content\/uploads\/2026\/04\/3-225x300.webp 225w, http:\/\/ekonomik.opole.pl\/eko3\/wp-content\/uploads\/2026\/04\/3-1152x1536.webp 1152w, http:\/\/ekonomik.opole.pl\/eko3\/wp-content\/uploads\/2026\/04\/3-1360x1813.webp 1360w, http:\/\/ekonomik.opole.pl\/eko3\/wp-content\/uploads\/2026\/04\/3-680x907.webp 680w, http:\/\/ekonomik.opole.pl\/eko3\/wp-content\/uploads\/2026\/04\/3.webp 1536w\" sizes=\"(max-width: 768px) 100vw, 768px\" \/><\/a><\/figure><\/li><li class=\"blocks-gallery-item\"><figure><a href=\"http:\/\/ekonomik.opole.pl\/eko3\/wp-content\/uploads\/2026\/04\/4-scaled.webp\"><img loading=\"lazy\" width=\"1024\" height=\"768\" src=\"http:\/\/ekonomik.opole.pl\/eko3\/wp-content\/uploads\/2026\/04\/4-1024x768.webp\" alt=\"\" data-id=\"999081\" data-full-url=\"http:\/\/ekonomik.opole.pl\/eko3\/wp-content\/uploads\/2026\/04\/4-scaled.webp\" data-link=\"https:\/\/ekonomik.opole.pl\/eko3\/?attachment_id=999081\" class=\"wp-image-999081\" srcset=\"http:\/\/ekonomik.opole.pl\/eko3\/wp-content\/uploads\/2026\/04\/4-1024x768.webp 1024w, http:\/\/ekonomik.opole.pl\/eko3\/wp-content\/uploads\/2026\/04\/4-300x225.webp 300w, http:\/\/ekonomik.opole.pl\/eko3\/wp-content\/uploads\/2026\/04\/4-768x576.webp 768w, http:\/\/ekonomik.opole.pl\/eko3\/wp-content\/uploads\/2026\/04\/4-1536x1152.webp 1536w, http:\/\/ekonomik.opole.pl\/eko3\/wp-content\/uploads\/2026\/04\/4-2048x1536.webp 2048w, http:\/\/ekonomik.opole.pl\/eko3\/wp-content\/uploads\/2026\/04\/4-1360x1020.webp 1360w, http:\/\/ekonomik.opole.pl\/eko3\/wp-content\/uploads\/2026\/04\/4-680x510.webp 680w\" sizes=\"(max-width: 1024px) 100vw, 1024px\" \/><\/a><\/figure><\/li><li class=\"blocks-gallery-item\"><figure><a href=\"http:\/\/ekonomik.opole.pl\/eko3\/wp-content\/uploads\/2026\/04\/5.webp\"><img loading=\"lazy\" width=\"768\" height=\"1024\" src=\"http:\/\/ekonomik.opole.pl\/eko3\/wp-content\/uploads\/2026\/04\/5-768x1024.webp\" alt=\"\" data-id=\"999080\" data-full-url=\"http:\/\/ekonomik.opole.pl\/eko3\/wp-content\/uploads\/2026\/04\/5.webp\" data-link=\"https:\/\/ekonomik.opole.pl\/eko3\/?attachment_id=999080\" class=\"wp-image-999080\" srcset=\"http:\/\/ekonomik.opole.pl\/eko3\/wp-content\/uploads\/2026\/04\/5-768x1024.webp 768w, http:\/\/ekonomik.opole.pl\/eko3\/wp-content\/uploads\/2026\/04\/5-225x300.webp 225w, http:\/\/ekonomik.opole.pl\/eko3\/wp-content\/uploads\/2026\/04\/5-1152x1536.webp 1152w, http:\/\/ekonomik.opole.pl\/eko3\/wp-content\/uploads\/2026\/04\/5-1360x1813.webp 1360w, http:\/\/ekonomik.opole.pl\/eko3\/wp-content\/uploads\/2026\/04\/5-680x907.webp 680w, http:\/\/ekonomik.opole.pl\/eko3\/wp-content\/uploads\/2026\/04\/5.webp 1536w\" sizes=\"(max-width: 768px) 100vw, 768px\" \/><\/a><\/figure><\/li><li class=\"blocks-gallery-item\"><figure><a href=\"http:\/\/ekonomik.opole.pl\/eko3\/wp-content\/uploads\/2026\/04\/6.webp\"><img loading=\"lazy\" width=\"1024\" height=\"768\" src=\"http:\/\/ekonomik.opole.pl\/eko3\/wp-content\/uploads\/2026\/04\/6-1024x768.webp\" alt=\"\" data-id=\"999079\" data-full-url=\"http:\/\/ekonomik.opole.pl\/eko3\/wp-content\/uploads\/2026\/04\/6.webp\" data-link=\"https:\/\/ekonomik.opole.pl\/eko3\/?attachment_id=999079\" class=\"wp-image-999079\" srcset=\"http:\/\/ekonomik.opole.pl\/eko3\/wp-content\/uploads\/2026\/04\/6-1024x768.webp 1024w, http:\/\/ekonomik.opole.pl\/eko3\/wp-content\/uploads\/2026\/04\/6-300x225.webp 300w, http:\/\/ekonomik.opole.pl\/eko3\/wp-content\/uploads\/2026\/04\/6-768x576.webp 768w, http:\/\/ekonomik.opole.pl\/eko3\/wp-content\/uploads\/2026\/04\/6-1536x1152.webp 1536w, http:\/\/ekonomik.opole.pl\/eko3\/wp-content\/uploads\/2026\/04\/6-1360x1020.webp 1360w, http:\/\/ekonomik.opole.pl\/eko3\/wp-content\/uploads\/2026\/04\/6-680x510.webp 680w, http:\/\/ekonomik.opole.pl\/eko3\/wp-content\/uploads\/2026\/04\/6.webp 2048w\" sizes=\"(max-width: 1024px) 100vw, 1024px\" \/><\/a><\/figure><\/li><\/ul><\/figure>\n<\/div><!-- .vgblk-rw-wrapper -->","protected":false},"excerpt":{"rendered":"<p>17 kwietnia w siedzibie Muzeum w \u0141ambinowicach, odby\u0142 si\u0119 fina\u0142 XXXIII edycji Konkursu Recytatorskiego Poezji Jenieckiej \u201eNie tra\u0107my pami\u0119ci\u201d. Udzia\u0142 w nim wzi\u0119\u0142o 77 uczni\u00f3w z wojew\u00f3dztwa opolskiego. Przes\u0142uchania by\u0142y prowadzone w trzech kategoriach wiekowych. Recytator\u00f3w ocenia\u0142o Jury, w sk\u0142ad kt\u00f3rego weszli opolscy aktorzy teatralni, poeci i filolodzy. Nasz\u0105 szko\u0142\u0119 reprezentowali Martyna Knapik z klasy&#8230;<\/p>\n","protected":false},"author":6,"featured_media":999085,"comment_status":"open","ping_status":"open","sticky":false,"template":"","format":"standard","meta":{"inline_featured_image":false},"categories":[186],"tags":[],"_links":{"self":[{"href":"http:\/\/ekonomik.opole.pl\/eko3\/wp-json\/wp\/v2\/posts\/999074"}],"collection":[{"href":"http:\/\/ekonomik.opole.pl\/eko3\/wp-json\/wp\/v2\/posts"}],"about":[{"href":"http:\/\/ekonomik.opole.pl\/eko3\/wp-json\/wp\/v2\/types\/post"}],"author":[{"embeddable":true,"href":"http:\/\/ekonomik.opole.pl\/eko3\/wp-json\/wp\/v2\/users\/6"}],"replies":[{"embeddable":true,"href":"http:\/\/ekonomik.opole.pl\/eko3\/wp-json\/wp\/v2\/comments?post=999074"}],"version-history":[{"count":2,"href":"http:\/\/ekonomik.opole.pl\/eko3\/wp-json\/wp\/v2\/posts\/999074\/revisions"}],"predecessor-version":[{"id":999087,"href":"http:\/\/ekonomik.opole.pl\/eko3\/wp-json\/wp\/v2\/posts\/999074\/revisions\/999087"}],"wp:featuredmedia":[{"embeddable":true,"href":"http:\/\/ekonomik.opole.pl\/eko3\/wp-json\/wp\/v2\/media\/999085"}],"wp:attachment":[{"href":"http:\/\/ekonomik.opole.pl\/eko3\/wp-json\/wp\/v2\/media?parent=999074"}],"wp:term":[{"taxonomy":"category","embeddable":true,"href":"http:\/\/ekonomik.opole.pl\/eko3\/wp-json\/wp\/v2\/categories?post=999074"},{"taxonomy":"post_tag","embeddable":true,"href":"http:\/\/ekonomik.opole.pl\/eko3\/wp-json\/wp\/v2\/tags?post=999074"}],"curies":[{"name":"wp","href":"https:\/\/api.w.org\/{rel}","templated":true}]}}