{"id":999088,"date":"2026-04-21T16:33:00","date_gmt":"2026-04-21T14:33:00","guid":{"rendered":"https:\/\/ekonomik.opole.pl\/eko3\/?p=999088"},"modified":"2026-04-22T00:21:55","modified_gmt":"2026-04-21T22:21:55","slug":"3-miejsce-w-finale-ogolnopolskiego-konkursu-o-podatkach","status":"publish","type":"post","link":"http:\/\/ekonomik.opole.pl\/eko3\/3-miejsce-w-finale-ogolnopolskiego-konkursu-o-podatkach\/","title":{"rendered":"3 miejsce w finale Og\u00f3lnopolskiego Konkursu o Podatkach"},"content":{"rendered":"<div class=\"vgblk-rw-wrapper limit-wrapper\">\n<p><strong>17&nbsp;kwietnia 2026&nbsp;r.&nbsp;<\/strong>dw\u00f3ch&nbsp;naszych uczni\u00f3w reprezentowa\u0142o szko\u0142\u0119&nbsp;w&nbsp;<strong>finale<\/strong>&nbsp;<strong>XVI<\/strong>&nbsp;<strong>Og\u00f3lnopolskiego Konkursu&nbsp;Wiedzy&nbsp;o Podatkach&nbsp;w&nbsp;Katowicach<\/strong>, organizowanego przez&nbsp;<strong>Krajow\u0105 Izb\u0119 Doradc\u00f3w Podatkowych<\/strong>. Patronat nad nim sprawuje&nbsp;mi\u0119dzy&nbsp;innymi&nbsp;<strong>Ministerstwo Finans\u00f3w.<\/strong>&nbsp;Byli to:&nbsp;<\/p>\n\n\n\n<ol><li><strong>Kacper\u00a0Brzozowski\u00a0\u2013\u00a03a<\/strong>\u00a0<\/li><\/ol>\n\n\n\n<ol start=\"2\"><li><strong>Grzegorz Przyby\u0142 \u2013&nbsp;4b<\/strong>&nbsp;<\/li><\/ol>\n\n\n\n<p>Fina\u0142 tego konkursu obejmowa\u0142&nbsp;cz\u0119\u015b\u0107 pisemn\u0105 (test), po kt\u00f3rym&nbsp;<strong>21&nbsp;os\u00f3b<\/strong>&nbsp;z najwy\u017cszymi wynikami udziela\u0142o ustnych&nbsp;odpowiedzi na 3 pytania postawione przez komisj\u0119 konkursow\u0105, z\u0142o\u017con\u0105 ze specjalist\u00f3w \u2013 doradc\u00f3w podatkowych i przedstawicieli zawod\u00f3w pokrewnych.&nbsp;<\/p>\n\n\n\n<p>Ostatecznie&nbsp;<strong>Kacper Brzozowski<\/strong>&nbsp;znalaz\u0142 si\u0119 na podium tego konkursu, zajmuj\u0105c&nbsp;bardzo wysokie&nbsp;<strong>3&nbsp;miejsce<\/strong>, pokonuj\u0105c ponad&nbsp;<strong>260&nbsp;uczestnik\u00f3w fina\u0142u<\/strong>.&nbsp;&nbsp;<\/p>\n\n\n\n<p>Nale\u017cy tak\u017ce doda\u0107, \u017ce Kacper jest r\u00f3wnie\u017c tegorocznym uczestnikiem&nbsp;<strong>etapu centralnego Olimpiady Przedsi\u0119biorczo\u015bci,&nbsp;<\/strong>kt\u00f3ry odby\u0142 si\u0119 w dniach 08-09&nbsp;kwietnia&nbsp;w&nbsp;murach Szko\u0142y G\u0142\u00f3wnej Handlowej w Warszawie. \u017byczymy Kacprowi kolejnych sukces\u00f3w w olimpiadach i konkursach!&nbsp;<strong>&nbsp;<\/strong>&nbsp;<\/p>\n\n\n\n<p>Opiekunem merytorycznym m\u0142odzie\u017cy by\u0142a&nbsp;<strong>Pani Ma\u0142gorzata Radziszewska<\/strong>.&nbsp;<\/p>\n\n\n\n<div style=\"height:30px\" aria-hidden=\"true\" class=\"wp-block-spacer\"><\/div>\n\n\n\n<figure class=\"wp-block-gallery columns-3 is-cropped\"><ul class=\"blocks-gallery-grid\"><li class=\"blocks-gallery-item\"><figure><a href=\"http:\/\/ekonomik.opole.pl\/eko3\/wp-content\/uploads\/2026\/04\/Kacper-Brzozowski-na-SGH-scaled.jpg\"><img loading=\"lazy\" width=\"768\" height=\"1024\" src=\"http:\/\/ekonomik.opole.pl\/eko3\/wp-content\/uploads\/2026\/04\/Kacper-Brzozowski-na-SGH-768x1024.jpg\" alt=\"\" data-id=\"999092\" data-full-url=\"http:\/\/ekonomik.opole.pl\/eko3\/wp-content\/uploads\/2026\/04\/Kacper-Brzozowski-na-SGH-scaled.jpg\" data-link=\"https:\/\/ekonomik.opole.pl\/eko3\/?attachment_id=999092\" class=\"wp-image-999092\" srcset=\"http:\/\/ekonomik.opole.pl\/eko3\/wp-content\/uploads\/2026\/04\/Kacper-Brzozowski-na-SGH-768x1024.jpg 768w, http:\/\/ekonomik.opole.pl\/eko3\/wp-content\/uploads\/2026\/04\/Kacper-Brzozowski-na-SGH-225x300.jpg 225w, http:\/\/ekonomik.opole.pl\/eko3\/wp-content\/uploads\/2026\/04\/Kacper-Brzozowski-na-SGH-1152x1536.jpg 1152w, http:\/\/ekonomik.opole.pl\/eko3\/wp-content\/uploads\/2026\/04\/Kacper-Brzozowski-na-SGH-1536x2048.jpg 1536w, http:\/\/ekonomik.opole.pl\/eko3\/wp-content\/uploads\/2026\/04\/Kacper-Brzozowski-na-SGH-1360x1813.jpg 1360w, http:\/\/ekonomik.opole.pl\/eko3\/wp-content\/uploads\/2026\/04\/Kacper-Brzozowski-na-SGH-680x907.jpg 680w, http:\/\/ekonomik.opole.pl\/eko3\/wp-content\/uploads\/2026\/04\/Kacper-Brzozowski-na-SGH-scaled.jpg 1920w\" sizes=\"(max-width: 768px) 100vw, 768px\" \/><\/a><\/figure><\/li><li class=\"blocks-gallery-item\"><figure><a href=\"http:\/\/ekonomik.opole.pl\/eko3\/wp-content\/uploads\/2026\/04\/final-konkurs-o-podatkach_1-scaled.jpg\"><img loading=\"lazy\" width=\"768\" height=\"1024\" src=\"http:\/\/ekonomik.opole.pl\/eko3\/wp-content\/uploads\/2026\/04\/final-konkurs-o-podatkach_1-768x1024.jpg\" alt=\"\" data-id=\"999089\" data-full-url=\"http:\/\/ekonomik.opole.pl\/eko3\/wp-content\/uploads\/2026\/04\/final-konkurs-o-podatkach_1-scaled.jpg\" data-link=\"https:\/\/ekonomik.opole.pl\/eko3\/?attachment_id=999089\" class=\"wp-image-999089\" srcset=\"http:\/\/ekonomik.opole.pl\/eko3\/wp-content\/uploads\/2026\/04\/final-konkurs-o-podatkach_1-768x1024.jpg 768w, http:\/\/ekonomik.opole.pl\/eko3\/wp-content\/uploads\/2026\/04\/final-konkurs-o-podatkach_1-225x300.jpg 225w, http:\/\/ekonomik.opole.pl\/eko3\/wp-content\/uploads\/2026\/04\/final-konkurs-o-podatkach_1-1152x1536.jpg 1152w, http:\/\/ekonomik.opole.pl\/eko3\/wp-content\/uploads\/2026\/04\/final-konkurs-o-podatkach_1-1536x2048.jpg 1536w, http:\/\/ekonomik.opole.pl\/eko3\/wp-content\/uploads\/2026\/04\/final-konkurs-o-podatkach_1-1360x1813.jpg 1360w, http:\/\/ekonomik.opole.pl\/eko3\/wp-content\/uploads\/2026\/04\/final-konkurs-o-podatkach_1-680x907.jpg 680w, http:\/\/ekonomik.opole.pl\/eko3\/wp-content\/uploads\/2026\/04\/final-konkurs-o-podatkach_1-scaled.jpg 1920w\" sizes=\"(max-width: 768px) 100vw, 768px\" \/><\/a><\/figure><\/li><li class=\"blocks-gallery-item\"><figure><a href=\"http:\/\/ekonomik.opole.pl\/eko3\/wp-content\/uploads\/2026\/04\/Kacper-Brzozowski-final-OP-scaled.jpg\"><img loading=\"lazy\" width=\"768\" height=\"1024\" src=\"http:\/\/ekonomik.opole.pl\/eko3\/wp-content\/uploads\/2026\/04\/Kacper-Brzozowski-final-OP-768x1024.jpg\" alt=\"\" data-id=\"999091\" data-full-url=\"http:\/\/ekonomik.opole.pl\/eko3\/wp-content\/uploads\/2026\/04\/Kacper-Brzozowski-final-OP-scaled.jpg\" data-link=\"https:\/\/ekonomik.opole.pl\/eko3\/?attachment_id=999091\" class=\"wp-image-999091\" srcset=\"http:\/\/ekonomik.opole.pl\/eko3\/wp-content\/uploads\/2026\/04\/Kacper-Brzozowski-final-OP-768x1024.jpg 768w, http:\/\/ekonomik.opole.pl\/eko3\/wp-content\/uploads\/2026\/04\/Kacper-Brzozowski-final-OP-225x300.jpg 225w, http:\/\/ekonomik.opole.pl\/eko3\/wp-content\/uploads\/2026\/04\/Kacper-Brzozowski-final-OP-1152x1536.jpg 1152w, http:\/\/ekonomik.opole.pl\/eko3\/wp-content\/uploads\/2026\/04\/Kacper-Brzozowski-final-OP-1536x2048.jpg 1536w, http:\/\/ekonomik.opole.pl\/eko3\/wp-content\/uploads\/2026\/04\/Kacper-Brzozowski-final-OP-1360x1813.jpg 1360w, http:\/\/ekonomik.opole.pl\/eko3\/wp-content\/uploads\/2026\/04\/Kacper-Brzozowski-final-OP-680x907.jpg 680w, http:\/\/ekonomik.opole.pl\/eko3\/wp-content\/uploads\/2026\/04\/Kacper-Brzozowski-final-OP-scaled.jpg 1920w\" sizes=\"(max-width: 768px) 100vw, 768px\" \/><\/a><\/figure><\/li><\/ul><\/figure>\n<\/div><!-- .vgblk-rw-wrapper -->","protected":false},"excerpt":{"rendered":"<p>17&nbsp;kwietnia 2026&nbsp;r.&nbsp;dw\u00f3ch&nbsp;naszych uczni\u00f3w reprezentowa\u0142o szko\u0142\u0119&nbsp;w&nbsp;finale&nbsp;XVI&nbsp;Og\u00f3lnopolskiego Konkursu&nbsp;Wiedzy&nbsp;o Podatkach&nbsp;w&nbsp;Katowicach, organizowanego przez&nbsp;Krajow\u0105 Izb\u0119 Doradc\u00f3w Podatkowych. Patronat nad nim sprawuje&nbsp;mi\u0119dzy&nbsp;innymi&nbsp;Ministerstwo Finans\u00f3w.&nbsp;Byli to:&nbsp; Kacper\u00a0Brzozowski\u00a0\u2013\u00a03a\u00a0 Grzegorz Przyby\u0142 \u2013&nbsp;4b&nbsp; Fina\u0142 tego konkursu obejmowa\u0142&nbsp;cz\u0119\u015b\u0107 pisemn\u0105 (test), po kt\u00f3rym&nbsp;21&nbsp;os\u00f3b&nbsp;z najwy\u017cszymi wynikami udziela\u0142o ustnych&nbsp;odpowiedzi na 3 pytania postawione przez komisj\u0119 konkursow\u0105, z\u0142o\u017con\u0105 ze specjalist\u00f3w \u2013 doradc\u00f3w podatkowych i przedstawicieli zawod\u00f3w pokrewnych.&nbsp; Ostatecznie&nbsp;Kacper Brzozowski&nbsp;znalaz\u0142 si\u0119 na&#8230;<\/p>\n","protected":false},"author":6,"featured_media":999090,"comment_status":"open","ping_status":"open","sticky":false,"template":"","format":"standard","meta":{"inline_featured_image":false},"categories":[87,186],"tags":[],"_links":{"self":[{"href":"http:\/\/ekonomik.opole.pl\/eko3\/wp-json\/wp\/v2\/posts\/999088"}],"collection":[{"href":"http:\/\/ekonomik.opole.pl\/eko3\/wp-json\/wp\/v2\/posts"}],"about":[{"href":"http:\/\/ekonomik.opole.pl\/eko3\/wp-json\/wp\/v2\/types\/post"}],"author":[{"embeddable":true,"href":"http:\/\/ekonomik.opole.pl\/eko3\/wp-json\/wp\/v2\/users\/6"}],"replies":[{"embeddable":true,"href":"http:\/\/ekonomik.opole.pl\/eko3\/wp-json\/wp\/v2\/comments?post=999088"}],"version-history":[{"count":2,"href":"http:\/\/ekonomik.opole.pl\/eko3\/wp-json\/wp\/v2\/posts\/999088\/revisions"}],"predecessor-version":[{"id":999100,"href":"http:\/\/ekonomik.opole.pl\/eko3\/wp-json\/wp\/v2\/posts\/999088\/revisions\/999100"}],"wp:featuredmedia":[{"embeddable":true,"href":"http:\/\/ekonomik.opole.pl\/eko3\/wp-json\/wp\/v2\/media\/999090"}],"wp:attachment":[{"href":"http:\/\/ekonomik.opole.pl\/eko3\/wp-json\/wp\/v2\/media?parent=999088"}],"wp:term":[{"taxonomy":"category","embeddable":true,"href":"http:\/\/ekonomik.opole.pl\/eko3\/wp-json\/wp\/v2\/categories?post=999088"},{"taxonomy":"post_tag","embeddable":true,"href":"http:\/\/ekonomik.opole.pl\/eko3\/wp-json\/wp\/v2\/tags?post=999088"}],"curies":[{"name":"wp","href":"https:\/\/api.w.org\/{rel}","templated":true}]}}