{"id":999101,"date":"2026-04-21T14:00:00","date_gmt":"2026-04-21T12:00:00","guid":{"rendered":"https:\/\/ekonomik.opole.pl\/eko3\/?p=999101"},"modified":"2026-04-22T21:04:37","modified_gmt":"2026-04-22T19:04:37","slug":"zdjecia-ze-zjazdu-absolwentow","status":"publish","type":"post","link":"http:\/\/ekonomik.opole.pl\/eko3\/zdjecia-ze-zjazdu-absolwentow\/","title":{"rendered":"Zdj\u0119cia ze Zjazdu Absolwent\u00f3w"},"content":{"rendered":"<div class=\"vgblk-rw-wrapper limit-wrapper\">\n<p>Zdj\u0119cia z obchod\u00f3w 80-lecia szko\u0142y, kt\u00f3re odby\u0142y si\u0119 w sobot\u0119 11 kwietnia 2026 znajd\u0105 Pa\u0144stwo w liniach poni\u017cej. Prze\u017cyjmy te chwil\u0119 jeszcze raz razem.<\/p>\n\n\n\n<div style=\"height:39px\" aria-hidden=\"true\" class=\"wp-block-spacer\"><\/div>\n\n\n\n<div class=\"wp-block-columns\"><div class=\"vgblk-rw-wrapper limit-wrapper\">\n<div class=\"wp-block-column\"><div class=\"vgblk-rw-wrapper limit-wrapper\">\n<div class=\"wp-block-buttons is-content-justification-center\"><div class=\"vgblk-rw-wrapper limit-wrapper\">\n<div class=\"wp-block-button\"><a class=\"wp-block-button__link has-white-color has-luminous-vivid-orange-background-color has-text-color has-background\" href=\"https:\/\/drive.google.com\/drive\/folders\/13HNCYfZcinmum3_yM941CyGOXh5W9uLz\" target=\"_blank\" rel=\"noreferrer noopener\">Nauczyciele i Absolwenci<\/a><\/div>\n<\/div><!-- .vgblk-rw-wrapper --><\/div>\n<\/div><!-- .vgblk-rw-wrapper --><\/div>\n<\/div><!-- .vgblk-rw-wrapper -->\n\n<div class=\"vgblk-rw-wrapper limit-wrapper\">\n<div class=\"wp-block-column\"><div class=\"vgblk-rw-wrapper limit-wrapper\">\n<div class=\"wp-block-buttons is-content-justification-center\"><div class=\"vgblk-rw-wrapper limit-wrapper\">\n<div class=\"wp-block-button\"><a class=\"wp-block-button__link has-white-color has-luminous-vivid-orange-background-color has-text-color has-background\" href=\"https:\/\/drive.google.com\/drive\/folders\/1b8mHE8JeoFYprDApIlB1_wmF4cNRJdwL\" target=\"_blank\" rel=\"noreferrer noopener\">Absolwenci<\/a><\/div>\n<\/div><!-- .vgblk-rw-wrapper --><\/div>\n<\/div><!-- .vgblk-rw-wrapper --><\/div>\n<\/div><!-- .vgblk-rw-wrapper --><\/div>\n<\/div><!-- .vgblk-rw-wrapper -->","protected":false},"excerpt":{"rendered":"<p>Zdj\u0119cia z obchod\u00f3w 80-lecia szko\u0142y, kt\u00f3re odby\u0142y si\u0119 w sobot\u0119 11 kwietnia 2026 znajd\u0105 Pa\u0144stwo w liniach poni\u017cej. Prze\u017cyjmy te chwil\u0119 jeszcze raz razem.<\/p>\n","protected":false},"author":6,"featured_media":999102,"comment_status":"open","ping_status":"open","sticky":false,"template":"","format":"standard","meta":{"inline_featured_image":false},"categories":[322],"tags":[],"_links":{"self":[{"href":"http:\/\/ekonomik.opole.pl\/eko3\/wp-json\/wp\/v2\/posts\/999101"}],"collection":[{"href":"http:\/\/ekonomik.opole.pl\/eko3\/wp-json\/wp\/v2\/posts"}],"about":[{"href":"http:\/\/ekonomik.opole.pl\/eko3\/wp-json\/wp\/v2\/types\/post"}],"author":[{"embeddable":true,"href":"http:\/\/ekonomik.opole.pl\/eko3\/wp-json\/wp\/v2\/users\/6"}],"replies":[{"embeddable":true,"href":"http:\/\/ekonomik.opole.pl\/eko3\/wp-json\/wp\/v2\/comments?post=999101"}],"version-history":[{"count":1,"href":"http:\/\/ekonomik.opole.pl\/eko3\/wp-json\/wp\/v2\/posts\/999101\/revisions"}],"predecessor-version":[{"id":999103,"href":"http:\/\/ekonomik.opole.pl\/eko3\/wp-json\/wp\/v2\/posts\/999101\/revisions\/999103"}],"wp:featuredmedia":[{"embeddable":true,"href":"http:\/\/ekonomik.opole.pl\/eko3\/wp-json\/wp\/v2\/media\/999102"}],"wp:attachment":[{"href":"http:\/\/ekonomik.opole.pl\/eko3\/wp-json\/wp\/v2\/media?parent=999101"}],"wp:term":[{"taxonomy":"category","embeddable":true,"href":"http:\/\/ekonomik.opole.pl\/eko3\/wp-json\/wp\/v2\/categories?post=999101"},{"taxonomy":"post_tag","embeddable":true,"href":"http:\/\/ekonomik.opole.pl\/eko3\/wp-json\/wp\/v2\/tags?post=999101"}],"curies":[{"name":"wp","href":"https:\/\/api.w.org\/{rel}","templated":true}]}}