{"id":999105,"date":"2026-04-27T15:45:00","date_gmt":"2026-04-27T13:45:00","guid":{"rendered":"https:\/\/ekonomik.opole.pl\/eko3\/?p=999105"},"modified":"2026-04-27T18:50:42","modified_gmt":"2026-04-27T16:50:42","slug":"ruszyly-zapisy-na-gigathon","status":"publish","type":"post","link":"http:\/\/ekonomik.opole.pl\/eko3\/ruszyly-zapisy-na-gigathon\/","title":{"rendered":"Ruszy\u0142y zapisy na Gigathon!"},"content":{"rendered":"<div class=\"vgblk-rw-wrapper limit-wrapper\">\n<p>Drodzy Rodzice,<\/p>\n\n\n\n<p>Informujemy, \u017ce ruszy\u0142y zapisy do <strong>Gigathonu \u2013 Og\u00f3lnopolskiego Konkursu Matematyczno-Informatycznego<\/strong>, kt\u00f3ry pozwoli dzieciom i m\u0142odzie\u017cy sprawdzi\u0107 swoje umiej\u0119tno\u015bci matematyczne i programistyczne. Konkurs jest organizowany pod patronatem Ministra Edukacji, a tak\u017ce Politechniki Warszawskiej &#8211; Wydzia\u0142u MiNI.<\/p>\n\n\n\n<p><strong>Jak zapisa\u0107 dziecko?<\/strong><\/p>\n\n\n\n<p>Zapisy trwaj\u0105 od 23 marca do 13 maja 2026 r.<\/p>\n\n\n\n<p>Rejestracja dost\u0119pna na stronie:<a href=\"http:\/\/www.gigathon.pl\/\"> <\/a><a href=\"http:\/\/www.gigathon.pl\/\">www.gigathon.pl<\/a>&nbsp;<\/p>\n\n\n\n<p><strong>Udzia\u0142 w konkursie jest ca\u0142kowicie bezp\u0142atny!<\/strong><\/p>\n\n\n\n<p>Uczestnikami konkursu s\u0105 dzieci i m\u0142odzie\u017c w wieku 7-18 lat, podzieleni na cztery grupy wiekowe:<\/p>\n\n\n\n<p>7-9 i 10-12 lat \u2013 matematyka i Scratch<\/p>\n\n\n\n<p>13-15 i 16-18 lat \u2013 matematyka i Python<\/p>\n\n\n\n<p>Jak wygl\u0105da konkurs?<\/p>\n\n\n\n<p><strong>Etap 1<\/strong> \u2013 <strong>Quiz kwalifikacyjny<\/strong><\/p>\n\n\n\n<p>Test logiczny z elementami matematyki i informatyki w formie online. Pytania zamkni\u0119te z mo\u017cliwo\u015bci\u0105 zaznaczenia jednej prawid\u0142owej odpowiedzi.<\/p>\n\n\n\n<p><strong>Etap 2 \u2013 Quiz rankingowy<\/strong><\/p>\n\n\n\n<p>Test informatyczno-matematyczny w formie online. Pytania zamkni\u0119te z mo\u017cliwo\u015bci\u0105 zaznaczenia jednej prawid\u0142owej odpowiedzi.<\/p>\n\n\n\n<p><strong>Etap 3<\/strong> \u2013 <strong>Projekt programistyczny<\/strong> sprawdzaj\u0105cy kreatywno\u015b\u0107, wiedz\u0119 i umiej\u0119tno\u015bci programistyczne.<\/p>\n\n\n\n<p><strong>Etap 4 &#8211; Wielki fina\u0142 w Warszawie<\/strong><\/p>\n\n\n\n<p>80 najlepszych uczestnik\u00f3w w okre\u015blonym czasie i miejscu przygotowuje innowacyjne projekty.<\/p>\n\n\n\n<p><strong>Dlaczego warto?<\/strong><\/p>\n\n\n\n<p>1. Konkurs rozwija zainteresowanie matematyk\u0105, programowaniem i nowymi technologiami. 2. Uczestnicy rozwijaj\u0105 swoj\u0105 kreatywno\u015b\u0107, zdolno\u015b\u0107 krytycznego my\u015blenia oraz ucz\u0105 si\u0119 rozwi\u0105zywania problem\u00f3w.&nbsp;<\/p>\n\n\n\n<ul><li>Rywalizacja motywuje do nauki i kreatywnego rozwi\u0105zywania problem\u00f3w.<\/li><li>Atrakcyjne nagrody! (konsole, sprz\u0119t komputerowy, smartfony, kursy i obozy programistyczne, gad\u017cety gamingowe i edukacyjne, dyplomy konkursowe dla wszystkich uczestnik\u00f3w).<\/li><\/ul>\n\n\n\n<p>Zach\u0119camy do zapis\u00f3w i wsp\u00f3lnego odkrywania \u015bwiata programowania!<\/p>\n<\/div><!-- .vgblk-rw-wrapper -->","protected":false},"excerpt":{"rendered":"<p>Drodzy Rodzice, Informujemy, \u017ce ruszy\u0142y zapisy do Gigathonu \u2013 Og\u00f3lnopolskiego Konkursu Matematyczno-Informatycznego, kt\u00f3ry pozwoli dzieciom i m\u0142odzie\u017cy sprawdzi\u0107 swoje umiej\u0119tno\u015bci matematyczne i programistyczne. Konkurs jest organizowany pod patronatem Ministra Edukacji, a tak\u017ce Politechniki Warszawskiej &#8211; Wydzia\u0142u MiNI. Jak zapisa\u0107 dziecko? Zapisy trwaj\u0105 od 23 marca do 13 maja 2026 r. Rejestracja dost\u0119pna na stronie: www.gigathon.pl&nbsp;&#8230;<\/p>\n","protected":false},"author":6,"featured_media":999106,"comment_status":"open","ping_status":"open","sticky":false,"template":"","format":"standard","meta":{"inline_featured_image":false},"categories":[322,220],"tags":[],"_links":{"self":[{"href":"http:\/\/ekonomik.opole.pl\/eko3\/wp-json\/wp\/v2\/posts\/999105"}],"collection":[{"href":"http:\/\/ekonomik.opole.pl\/eko3\/wp-json\/wp\/v2\/posts"}],"about":[{"href":"http:\/\/ekonomik.opole.pl\/eko3\/wp-json\/wp\/v2\/types\/post"}],"author":[{"embeddable":true,"href":"http:\/\/ekonomik.opole.pl\/eko3\/wp-json\/wp\/v2\/users\/6"}],"replies":[{"embeddable":true,"href":"http:\/\/ekonomik.opole.pl\/eko3\/wp-json\/wp\/v2\/comments?post=999105"}],"version-history":[{"count":1,"href":"http:\/\/ekonomik.opole.pl\/eko3\/wp-json\/wp\/v2\/posts\/999105\/revisions"}],"predecessor-version":[{"id":999107,"href":"http:\/\/ekonomik.opole.pl\/eko3\/wp-json\/wp\/v2\/posts\/999105\/revisions\/999107"}],"wp:featuredmedia":[{"embeddable":true,"href":"http:\/\/ekonomik.opole.pl\/eko3\/wp-json\/wp\/v2\/media\/999106"}],"wp:attachment":[{"href":"http:\/\/ekonomik.opole.pl\/eko3\/wp-json\/wp\/v2\/media?parent=999105"}],"wp:term":[{"taxonomy":"category","embeddable":true,"href":"http:\/\/ekonomik.opole.pl\/eko3\/wp-json\/wp\/v2\/categories?post=999105"},{"taxonomy":"post_tag","embeddable":true,"href":"http:\/\/ekonomik.opole.pl\/eko3\/wp-json\/wp\/v2\/tags?post=999105"}],"curies":[{"name":"wp","href":"https:\/\/api.w.org\/{rel}","templated":true}]}}