{"id":999155,"date":"2026-04-28T20:07:56","date_gmt":"2026-04-28T18:07:56","guid":{"rendered":"https:\/\/ekonomik.opole.pl\/eko3\/?p=999155"},"modified":"2026-04-28T20:54:44","modified_gmt":"2026-04-28T18:54:44","slug":"nasi-programisci-laureatami-ogolnopolskiego-hackathonu-school-hackday","status":"publish","type":"post","link":"http:\/\/ekonomik.opole.pl\/eko3\/nasi-programisci-laureatami-ogolnopolskiego-hackathonu-school-hackday\/","title":{"rendered":"Nasi programi\u015bci laureatami og\u00f3lnopolskiego hackathonu School HackDay!"},"content":{"rendered":"<div class=\"vgblk-rw-wrapper limit-wrapper\">\n<p id=\"gwpf5f2edfd_p-rc_ffba065118dbc60d-25\">Reprezentacja naszej szko\u0142y zdoby\u0142a 3 miejsce oraz Nagrod\u0119 Publiczno\u015bci w og\u00f3lnopolskim konkursie programistycznym&nbsp;<strong>School HackDay<\/strong>, organizowanym przez wydawnictwo&nbsp;<strong>Nowa Era<\/strong>&nbsp;oraz grup\u0119&nbsp;<strong>Sanoma Learning<\/strong><sup><\/sup><sup><\/sup><sup><\/sup><sup><\/sup><sup><\/sup>.<\/p>\n\n\n\n<h3><strong>Nasi Laureaci<\/strong><\/h3>\n\n\n\n<p id=\"gwpf5f2edfd_p-rc_ffba065118dbc60d-26\">W sk\u0142ad naszego zwyci\u0119skiego zespo\u0142u (zesp\u00f3\u0142 interdyscyplinarny) weszli<sup><\/sup>:<\/p>\n\n\n\n<ul><li><strong>Bartosz \u0141ukasik<\/strong><\/li><li><strong>Remigiusz \u0141ukasik<\/strong><\/li><li><strong>Jacek Dombrowski<\/strong><\/li><li><strong>Tomasz R\u00f3g<\/strong><\/li><li><strong>Oliver Skiba<\/strong><\/li><\/ul>\n\n\n\n<p id=\"gwpf5f2edfd_p-rc_ffba065118dbc60d-27\">Opiek\u0119 merytoryczn\u0105 nad zespo\u0142em sprawowa\u0142 dr in\u017c.&nbsp;Piotr Dzierwa<sup><\/sup>.<\/p>\n\n\n\n<h3><strong>O wydarzeniu<\/strong><\/h3>\n\n\n\n<p id=\"gwpf5f2edfd_p-rc_ffba065118dbc60d-28\"><strong>School HackDay<\/strong>&nbsp;to presti\u017cowy hackathon, podczas kt\u00f3rego uczniowie szk\u00f3\u0142 ponadpodstawowych z ca\u0142ej Polski mierz\u0105 si\u0119 z wyzwaniami wsp\u00f3\u0142czesnej edukacji<sup><\/sup><sup><\/sup><sup><\/sup><sup><\/sup>.&nbsp;Nasza dru\u017cyna przesz\u0142a pe\u0142ny proces projektowy \u2013 od identyfikacji problemu, przez wypracowanie innowacyjnego pomys\u0142u, a\u017c po stworzenie dzia\u0142aj\u0105cego prototypu rozwi\u0105zania EdTech<sup><\/sup>.<\/p>\n\n\n\n<p id=\"gwpf5f2edfd_p-rc_ffba065118dbc60d-29\">Rywalizacja odby\u0142a si\u0119 w dniach&nbsp;<strong>21\u201322 kwietnia 2026 r.<\/strong>&nbsp;w Otwocku<sup><\/sup><sup><\/sup><sup><\/sup><sup><\/sup>.&nbsp;Nasi uczniowie musieli wykaza\u0107 si\u0119 nie tylko umiej\u0119tno\u015bciami technicznymi z zakresu programowania i UX, ale tak\u017ce my\u015bleniem krytycznym, kreatywno\u015bci\u0105 oraz doskona\u0142\u0105 prezentacj\u0105 efekt\u00f3w swojej pracy przed jury z\u0142o\u017conym z ekspert\u00f3w bran\u017cowych<sup><\/sup><sup><\/sup><sup><\/sup><sup><\/sup><sup><\/sup><sup><\/sup><sup><\/sup><sup><\/sup><sup><\/sup>.<\/p>\n\n\n\n<h3><strong>Nagrody i presti\u017c<\/strong><\/h3>\n\n\n\n<p id=\"gwpf5f2edfd_p-rc_ffba065118dbc60d-30\">Dzi\u0119ki ci\u0119\u017ckiej pracy nasi uczniowie zdobyli cenne nagrody, w tym vouchery pieni\u0119\u017cne oraz nowoczesny system&nbsp;<strong>Empiriusz 2.0 VR<\/strong>&nbsp;dla naszej szko\u0142y<sup><\/sup>.&nbsp;Co jednak najwa\u017cniejsze, udzia\u0142 w tym wydarzeniu pozwoli\u0142 im rozwin\u0105\u0107 kompetencje przysz\u0142o\u015bci i nawi\u0105za\u0107 kontakt z czo\u0142owymi specjalistami z obszaru nowych technologii<sup><\/sup><sup><\/sup><sup><\/sup><sup><\/sup>.<\/p>\n\n\n\n<p id=\"gwpf5f2edfd_p-rc_ffba065118dbc60d-30\"><strong>Serdecznie gratulujemy ca\u0142emu zespo\u0142owi i opiekunowi! Wasza innowacyjno\u015b\u0107 i zaanga\u017cowanie pokaza\u0142y, \u017ce przysz\u0142o\u015b\u0107 edukacji jest w dobrych r\u0119kach!<\/strong><\/p>\n\n\n\n<div style=\"height:42px\" aria-hidden=\"true\" class=\"wp-block-spacer\"><\/div>\n\n\n\n<figure class=\"wp-block-gallery columns-4 is-cropped\"><ul class=\"blocks-gallery-grid\"><li class=\"blocks-gallery-item\"><figure><a href=\"http:\/\/ekonomik.opole.pl\/eko3\/wp-content\/uploads\/2026\/04\/hack-day-shool-33.jpg\"><img loading=\"lazy\" width=\"1024\" height=\"683\" src=\"http:\/\/ekonomik.opole.pl\/eko3\/wp-content\/uploads\/2026\/04\/hack-day-shool-33-1024x683.jpg\" alt=\"\" data-id=\"999172\" data-full-url=\"http:\/\/ekonomik.opole.pl\/eko3\/wp-content\/uploads\/2026\/04\/hack-day-shool-33.jpg\" data-link=\"https:\/\/ekonomik.opole.pl\/eko3\/?attachment_id=999172\" class=\"wp-image-999172\" srcset=\"http:\/\/ekonomik.opole.pl\/eko3\/wp-content\/uploads\/2026\/04\/hack-day-shool-33-1024x683.jpg 1024w, http:\/\/ekonomik.opole.pl\/eko3\/wp-content\/uploads\/2026\/04\/hack-day-shool-33-300x200.jpg 300w, http:\/\/ekonomik.opole.pl\/eko3\/wp-content\/uploads\/2026\/04\/hack-day-shool-33-768x512.jpg 768w, http:\/\/ekonomik.opole.pl\/eko3\/wp-content\/uploads\/2026\/04\/hack-day-shool-33-1536x1024.jpg 1536w, http:\/\/ekonomik.opole.pl\/eko3\/wp-content\/uploads\/2026\/04\/hack-day-shool-33-1360x906.jpg 1360w, http:\/\/ekonomik.opole.pl\/eko3\/wp-content\/uploads\/2026\/04\/hack-day-shool-33-680x453.jpg 680w, http:\/\/ekonomik.opole.pl\/eko3\/wp-content\/uploads\/2026\/04\/hack-day-shool-33.jpg 2048w\" sizes=\"(max-width: 1024px) 100vw, 1024px\" \/><\/a><\/figure><\/li><li class=\"blocks-gallery-item\"><figure><a href=\"http:\/\/ekonomik.opole.pl\/eko3\/wp-content\/uploads\/2026\/04\/dzien-2-gala-school-25.jpg\"><img loading=\"lazy\" width=\"1024\" height=\"683\" src=\"http:\/\/ekonomik.opole.pl\/eko3\/wp-content\/uploads\/2026\/04\/dzien-2-gala-school-25-1024x683.jpg\" alt=\"\" data-id=\"999171\" data-full-url=\"http:\/\/ekonomik.opole.pl\/eko3\/wp-content\/uploads\/2026\/04\/dzien-2-gala-school-25.jpg\" data-link=\"https:\/\/ekonomik.opole.pl\/eko3\/?attachment_id=999171\" class=\"wp-image-999171\" srcset=\"http:\/\/ekonomik.opole.pl\/eko3\/wp-content\/uploads\/2026\/04\/dzien-2-gala-school-25-1024x683.jpg 1024w, http:\/\/ekonomik.opole.pl\/eko3\/wp-content\/uploads\/2026\/04\/dzien-2-gala-school-25-300x200.jpg 300w, http:\/\/ekonomik.opole.pl\/eko3\/wp-content\/uploads\/2026\/04\/dzien-2-gala-school-25-768x512.jpg 768w, http:\/\/ekonomik.opole.pl\/eko3\/wp-content\/uploads\/2026\/04\/dzien-2-gala-school-25-1536x1024.jpg 1536w, http:\/\/ekonomik.opole.pl\/eko3\/wp-content\/uploads\/2026\/04\/dzien-2-gala-school-25-1360x906.jpg 1360w, http:\/\/ekonomik.opole.pl\/eko3\/wp-content\/uploads\/2026\/04\/dzien-2-gala-school-25-680x453.jpg 680w, http:\/\/ekonomik.opole.pl\/eko3\/wp-content\/uploads\/2026\/04\/dzien-2-gala-school-25.jpg 2048w\" sizes=\"(max-width: 1024px) 100vw, 1024px\" \/><\/a><\/figure><\/li><li class=\"blocks-gallery-item\"><figure><a href=\"http:\/\/ekonomik.opole.pl\/eko3\/wp-content\/uploads\/2026\/04\/dzien-2-gala-school-15.jpg\"><img loading=\"lazy\" width=\"1024\" height=\"683\" src=\"http:\/\/ekonomik.opole.pl\/eko3\/wp-content\/uploads\/2026\/04\/dzien-2-gala-school-15-1024x683.jpg\" alt=\"\" data-id=\"999170\" data-full-url=\"http:\/\/ekonomik.opole.pl\/eko3\/wp-content\/uploads\/2026\/04\/dzien-2-gala-school-15.jpg\" data-link=\"https:\/\/ekonomik.opole.pl\/eko3\/?attachment_id=999170\" class=\"wp-image-999170\" srcset=\"http:\/\/ekonomik.opole.pl\/eko3\/wp-content\/uploads\/2026\/04\/dzien-2-gala-school-15-1024x683.jpg 1024w, http:\/\/ekonomik.opole.pl\/eko3\/wp-content\/uploads\/2026\/04\/dzien-2-gala-school-15-300x200.jpg 300w, http:\/\/ekonomik.opole.pl\/eko3\/wp-content\/uploads\/2026\/04\/dzien-2-gala-school-15-768x512.jpg 768w, http:\/\/ekonomik.opole.pl\/eko3\/wp-content\/uploads\/2026\/04\/dzien-2-gala-school-15-1536x1024.jpg 1536w, http:\/\/ekonomik.opole.pl\/eko3\/wp-content\/uploads\/2026\/04\/dzien-2-gala-school-15-1360x906.jpg 1360w, http:\/\/ekonomik.opole.pl\/eko3\/wp-content\/uploads\/2026\/04\/dzien-2-gala-school-15-680x453.jpg 680w, http:\/\/ekonomik.opole.pl\/eko3\/wp-content\/uploads\/2026\/04\/dzien-2-gala-school-15.jpg 2048w\" sizes=\"(max-width: 1024px) 100vw, 1024px\" \/><\/a><\/figure><\/li><li class=\"blocks-gallery-item\"><figure><a href=\"http:\/\/ekonomik.opole.pl\/eko3\/wp-content\/uploads\/2026\/04\/dzien-2-gala-school-14.jpg\"><img loading=\"lazy\" width=\"1024\" height=\"683\" src=\"http:\/\/ekonomik.opole.pl\/eko3\/wp-content\/uploads\/2026\/04\/dzien-2-gala-school-14-1024x683.jpg\" alt=\"\" data-id=\"999169\" data-full-url=\"http:\/\/ekonomik.opole.pl\/eko3\/wp-content\/uploads\/2026\/04\/dzien-2-gala-school-14.jpg\" data-link=\"https:\/\/ekonomik.opole.pl\/eko3\/?attachment_id=999169\" class=\"wp-image-999169\" srcset=\"http:\/\/ekonomik.opole.pl\/eko3\/wp-content\/uploads\/2026\/04\/dzien-2-gala-school-14-1024x683.jpg 1024w, http:\/\/ekonomik.opole.pl\/eko3\/wp-content\/uploads\/2026\/04\/dzien-2-gala-school-14-300x200.jpg 300w, http:\/\/ekonomik.opole.pl\/eko3\/wp-content\/uploads\/2026\/04\/dzien-2-gala-school-14-768x512.jpg 768w, http:\/\/ekonomik.opole.pl\/eko3\/wp-content\/uploads\/2026\/04\/dzien-2-gala-school-14-1536x1024.jpg 1536w, http:\/\/ekonomik.opole.pl\/eko3\/wp-content\/uploads\/2026\/04\/dzien-2-gala-school-14-1360x906.jpg 1360w, http:\/\/ekonomik.opole.pl\/eko3\/wp-content\/uploads\/2026\/04\/dzien-2-gala-school-14-680x453.jpg 680w, http:\/\/ekonomik.opole.pl\/eko3\/wp-content\/uploads\/2026\/04\/dzien-2-gala-school-14.jpg 2048w\" sizes=\"(max-width: 1024px) 100vw, 1024px\" \/><\/a><\/figure><\/li><li class=\"blocks-gallery-item\"><figure><a href=\"http:\/\/ekonomik.opole.pl\/eko3\/wp-content\/uploads\/2026\/04\/dzien-2-gala-school-13.jpg\"><img loading=\"lazy\" width=\"1024\" height=\"683\" src=\"http:\/\/ekonomik.opole.pl\/eko3\/wp-content\/uploads\/2026\/04\/dzien-2-gala-school-13-1024x683.jpg\" alt=\"\" data-id=\"999168\" data-full-url=\"http:\/\/ekonomik.opole.pl\/eko3\/wp-content\/uploads\/2026\/04\/dzien-2-gala-school-13.jpg\" data-link=\"https:\/\/ekonomik.opole.pl\/eko3\/?attachment_id=999168\" class=\"wp-image-999168\" srcset=\"http:\/\/ekonomik.opole.pl\/eko3\/wp-content\/uploads\/2026\/04\/dzien-2-gala-school-13-1024x683.jpg 1024w, http:\/\/ekonomik.opole.pl\/eko3\/wp-content\/uploads\/2026\/04\/dzien-2-gala-school-13-300x200.jpg 300w, http:\/\/ekonomik.opole.pl\/eko3\/wp-content\/uploads\/2026\/04\/dzien-2-gala-school-13-768x512.jpg 768w, http:\/\/ekonomik.opole.pl\/eko3\/wp-content\/uploads\/2026\/04\/dzien-2-gala-school-13-1536x1024.jpg 1536w, http:\/\/ekonomik.opole.pl\/eko3\/wp-content\/uploads\/2026\/04\/dzien-2-gala-school-13-1360x906.jpg 1360w, http:\/\/ekonomik.opole.pl\/eko3\/wp-content\/uploads\/2026\/04\/dzien-2-gala-school-13-680x453.jpg 680w, http:\/\/ekonomik.opole.pl\/eko3\/wp-content\/uploads\/2026\/04\/dzien-2-gala-school-13.jpg 2048w\" sizes=\"(max-width: 1024px) 100vw, 1024px\" \/><\/a><\/figure><\/li><li class=\"blocks-gallery-item\"><figure><a href=\"http:\/\/ekonomik.opole.pl\/eko3\/wp-content\/uploads\/2026\/04\/dzien-2-gala-school-12.jpg\"><img loading=\"lazy\" width=\"1024\" height=\"683\" src=\"http:\/\/ekonomik.opole.pl\/eko3\/wp-content\/uploads\/2026\/04\/dzien-2-gala-school-12-1024x683.jpg\" alt=\"\" data-id=\"999167\" data-full-url=\"http:\/\/ekonomik.opole.pl\/eko3\/wp-content\/uploads\/2026\/04\/dzien-2-gala-school-12.jpg\" data-link=\"https:\/\/ekonomik.opole.pl\/eko3\/?attachment_id=999167\" class=\"wp-image-999167\" srcset=\"http:\/\/ekonomik.opole.pl\/eko3\/wp-content\/uploads\/2026\/04\/dzien-2-gala-school-12-1024x683.jpg 1024w, http:\/\/ekonomik.opole.pl\/eko3\/wp-content\/uploads\/2026\/04\/dzien-2-gala-school-12-300x200.jpg 300w, http:\/\/ekonomik.opole.pl\/eko3\/wp-content\/uploads\/2026\/04\/dzien-2-gala-school-12-768x512.jpg 768w, http:\/\/ekonomik.opole.pl\/eko3\/wp-content\/uploads\/2026\/04\/dzien-2-gala-school-12-1536x1024.jpg 1536w, http:\/\/ekonomik.opole.pl\/eko3\/wp-content\/uploads\/2026\/04\/dzien-2-gala-school-12-1360x906.jpg 1360w, http:\/\/ekonomik.opole.pl\/eko3\/wp-content\/uploads\/2026\/04\/dzien-2-gala-school-12-680x453.jpg 680w, http:\/\/ekonomik.opole.pl\/eko3\/wp-content\/uploads\/2026\/04\/dzien-2-gala-school-12.jpg 2048w\" sizes=\"(max-width: 1024px) 100vw, 1024px\" \/><\/a><\/figure><\/li><li class=\"blocks-gallery-item\"><figure><a href=\"http:\/\/ekonomik.opole.pl\/eko3\/wp-content\/uploads\/2026\/04\/dzien-2-gala-school-9.jpg\"><img loading=\"lazy\" width=\"1024\" height=\"683\" src=\"http:\/\/ekonomik.opole.pl\/eko3\/wp-content\/uploads\/2026\/04\/dzien-2-gala-school-9-1024x683.jpg\" alt=\"\" data-id=\"999166\" data-full-url=\"http:\/\/ekonomik.opole.pl\/eko3\/wp-content\/uploads\/2026\/04\/dzien-2-gala-school-9.jpg\" data-link=\"https:\/\/ekonomik.opole.pl\/eko3\/?attachment_id=999166\" class=\"wp-image-999166\" srcset=\"http:\/\/ekonomik.opole.pl\/eko3\/wp-content\/uploads\/2026\/04\/dzien-2-gala-school-9-1024x683.jpg 1024w, http:\/\/ekonomik.opole.pl\/eko3\/wp-content\/uploads\/2026\/04\/dzien-2-gala-school-9-300x200.jpg 300w, http:\/\/ekonomik.opole.pl\/eko3\/wp-content\/uploads\/2026\/04\/dzien-2-gala-school-9-768x512.jpg 768w, http:\/\/ekonomik.opole.pl\/eko3\/wp-content\/uploads\/2026\/04\/dzien-2-gala-school-9-1536x1024.jpg 1536w, http:\/\/ekonomik.opole.pl\/eko3\/wp-content\/uploads\/2026\/04\/dzien-2-gala-school-9-1360x906.jpg 1360w, http:\/\/ekonomik.opole.pl\/eko3\/wp-content\/uploads\/2026\/04\/dzien-2-gala-school-9-680x453.jpg 680w, http:\/\/ekonomik.opole.pl\/eko3\/wp-content\/uploads\/2026\/04\/dzien-2-gala-school-9.jpg 2048w\" sizes=\"(max-width: 1024px) 100vw, 1024px\" \/><\/a><\/figure><\/li><li class=\"blocks-gallery-item\"><figure><a href=\"http:\/\/ekonomik.opole.pl\/eko3\/wp-content\/uploads\/2026\/04\/dzien-1-55.jpg\"><img loading=\"lazy\" width=\"1024\" height=\"684\" src=\"http:\/\/ekonomik.opole.pl\/eko3\/wp-content\/uploads\/2026\/04\/dzien-1-55-1024x684.jpg\" alt=\"\" data-id=\"999165\" data-full-url=\"http:\/\/ekonomik.opole.pl\/eko3\/wp-content\/uploads\/2026\/04\/dzien-1-55.jpg\" data-link=\"https:\/\/ekonomik.opole.pl\/eko3\/?attachment_id=999165\" class=\"wp-image-999165\" srcset=\"http:\/\/ekonomik.opole.pl\/eko3\/wp-content\/uploads\/2026\/04\/dzien-1-55-1024x684.jpg 1024w, http:\/\/ekonomik.opole.pl\/eko3\/wp-content\/uploads\/2026\/04\/dzien-1-55-300x200.jpg 300w, http:\/\/ekonomik.opole.pl\/eko3\/wp-content\/uploads\/2026\/04\/dzien-1-55-768x513.jpg 768w, http:\/\/ekonomik.opole.pl\/eko3\/wp-content\/uploads\/2026\/04\/dzien-1-55-1536x1026.jpg 1536w, http:\/\/ekonomik.opole.pl\/eko3\/wp-content\/uploads\/2026\/04\/dzien-1-55-1360x908.jpg 1360w, http:\/\/ekonomik.opole.pl\/eko3\/wp-content\/uploads\/2026\/04\/dzien-1-55-680x454.jpg 680w, http:\/\/ekonomik.opole.pl\/eko3\/wp-content\/uploads\/2026\/04\/dzien-1-55.jpg 2048w\" sizes=\"(max-width: 1024px) 100vw, 1024px\" \/><\/a><\/figure><\/li><li class=\"blocks-gallery-item\"><figure><a href=\"http:\/\/ekonomik.opole.pl\/eko3\/wp-content\/uploads\/2026\/04\/dzien-1-49.jpg\"><img loading=\"lazy\" width=\"1024\" height=\"684\" src=\"http:\/\/ekonomik.opole.pl\/eko3\/wp-content\/uploads\/2026\/04\/dzien-1-49-1024x684.jpg\" alt=\"\" data-id=\"999164\" data-full-url=\"http:\/\/ekonomik.opole.pl\/eko3\/wp-content\/uploads\/2026\/04\/dzien-1-49.jpg\" data-link=\"https:\/\/ekonomik.opole.pl\/eko3\/?attachment_id=999164\" class=\"wp-image-999164\" srcset=\"http:\/\/ekonomik.opole.pl\/eko3\/wp-content\/uploads\/2026\/04\/dzien-1-49-1024x684.jpg 1024w, http:\/\/ekonomik.opole.pl\/eko3\/wp-content\/uploads\/2026\/04\/dzien-1-49-300x200.jpg 300w, http:\/\/ekonomik.opole.pl\/eko3\/wp-content\/uploads\/2026\/04\/dzien-1-49-768x513.jpg 768w, http:\/\/ekonomik.opole.pl\/eko3\/wp-content\/uploads\/2026\/04\/dzien-1-49-1536x1026.jpg 1536w, http:\/\/ekonomik.opole.pl\/eko3\/wp-content\/uploads\/2026\/04\/dzien-1-49-1360x908.jpg 1360w, http:\/\/ekonomik.opole.pl\/eko3\/wp-content\/uploads\/2026\/04\/dzien-1-49-680x454.jpg 680w, http:\/\/ekonomik.opole.pl\/eko3\/wp-content\/uploads\/2026\/04\/dzien-1-49.jpg 2048w\" sizes=\"(max-width: 1024px) 100vw, 1024px\" \/><\/a><\/figure><\/li><li class=\"blocks-gallery-item\"><figure><a href=\"http:\/\/ekonomik.opole.pl\/eko3\/wp-content\/uploads\/2026\/04\/dzien-1-2.jpg\"><img loading=\"lazy\" width=\"1024\" height=\"683\" src=\"http:\/\/ekonomik.opole.pl\/eko3\/wp-content\/uploads\/2026\/04\/dzien-1-2-1024x683.jpg\" alt=\"\" data-id=\"999163\" data-full-url=\"http:\/\/ekonomik.opole.pl\/eko3\/wp-content\/uploads\/2026\/04\/dzien-1-2.jpg\" data-link=\"https:\/\/ekonomik.opole.pl\/eko3\/?attachment_id=999163\" class=\"wp-image-999163\" srcset=\"http:\/\/ekonomik.opole.pl\/eko3\/wp-content\/uploads\/2026\/04\/dzien-1-2-1024x683.jpg 1024w, http:\/\/ekonomik.opole.pl\/eko3\/wp-content\/uploads\/2026\/04\/dzien-1-2-300x200.jpg 300w, http:\/\/ekonomik.opole.pl\/eko3\/wp-content\/uploads\/2026\/04\/dzien-1-2-768x512.jpg 768w, http:\/\/ekonomik.opole.pl\/eko3\/wp-content\/uploads\/2026\/04\/dzien-1-2-1536x1024.jpg 1536w, http:\/\/ekonomik.opole.pl\/eko3\/wp-content\/uploads\/2026\/04\/dzien-1-2-1360x906.jpg 1360w, http:\/\/ekonomik.opole.pl\/eko3\/wp-content\/uploads\/2026\/04\/dzien-1-2-680x453.jpg 680w, http:\/\/ekonomik.opole.pl\/eko3\/wp-content\/uploads\/2026\/04\/dzien-1-2.jpg 2048w\" sizes=\"(max-width: 1024px) 100vw, 1024px\" \/><\/a><\/figure><\/li><li class=\"blocks-gallery-item\"><figure><a href=\"http:\/\/ekonomik.opole.pl\/eko3\/wp-content\/uploads\/2026\/04\/day-1-shool-25.jpg\"><img loading=\"lazy\" width=\"1024\" height=\"683\" src=\"http:\/\/ekonomik.opole.pl\/eko3\/wp-content\/uploads\/2026\/04\/day-1-shool-25-1024x683.jpg\" alt=\"\" data-id=\"999162\" data-full-url=\"http:\/\/ekonomik.opole.pl\/eko3\/wp-content\/uploads\/2026\/04\/day-1-shool-25.jpg\" data-link=\"https:\/\/ekonomik.opole.pl\/eko3\/?attachment_id=999162\" class=\"wp-image-999162\" srcset=\"http:\/\/ekonomik.opole.pl\/eko3\/wp-content\/uploads\/2026\/04\/day-1-shool-25-1024x683.jpg 1024w, http:\/\/ekonomik.opole.pl\/eko3\/wp-content\/uploads\/2026\/04\/day-1-shool-25-300x200.jpg 300w, http:\/\/ekonomik.opole.pl\/eko3\/wp-content\/uploads\/2026\/04\/day-1-shool-25-768x512.jpg 768w, http:\/\/ekonomik.opole.pl\/eko3\/wp-content\/uploads\/2026\/04\/day-1-shool-25-1536x1024.jpg 1536w, http:\/\/ekonomik.opole.pl\/eko3\/wp-content\/uploads\/2026\/04\/day-1-shool-25-1360x906.jpg 1360w, http:\/\/ekonomik.opole.pl\/eko3\/wp-content\/uploads\/2026\/04\/day-1-shool-25-680x453.jpg 680w, http:\/\/ekonomik.opole.pl\/eko3\/wp-content\/uploads\/2026\/04\/day-1-shool-25.jpg 2048w\" sizes=\"(max-width: 1024px) 100vw, 1024px\" \/><\/a><\/figure><\/li><li class=\"blocks-gallery-item\"><figure><a href=\"http:\/\/ekonomik.opole.pl\/eko3\/wp-content\/uploads\/2026\/04\/day-1-shool-19.jpg\"><img loading=\"lazy\" width=\"1024\" height=\"683\" src=\"http:\/\/ekonomik.opole.pl\/eko3\/wp-content\/uploads\/2026\/04\/day-1-shool-19-1024x683.jpg\" alt=\"\" data-id=\"999161\" data-full-url=\"http:\/\/ekonomik.opole.pl\/eko3\/wp-content\/uploads\/2026\/04\/day-1-shool-19.jpg\" data-link=\"https:\/\/ekonomik.opole.pl\/eko3\/?attachment_id=999161\" class=\"wp-image-999161\" srcset=\"http:\/\/ekonomik.opole.pl\/eko3\/wp-content\/uploads\/2026\/04\/day-1-shool-19-1024x683.jpg 1024w, http:\/\/ekonomik.opole.pl\/eko3\/wp-content\/uploads\/2026\/04\/day-1-shool-19-300x200.jpg 300w, http:\/\/ekonomik.opole.pl\/eko3\/wp-content\/uploads\/2026\/04\/day-1-shool-19-768x512.jpg 768w, http:\/\/ekonomik.opole.pl\/eko3\/wp-content\/uploads\/2026\/04\/day-1-shool-19-1536x1024.jpg 1536w, http:\/\/ekonomik.opole.pl\/eko3\/wp-content\/uploads\/2026\/04\/day-1-shool-19-1360x906.jpg 1360w, http:\/\/ekonomik.opole.pl\/eko3\/wp-content\/uploads\/2026\/04\/day-1-shool-19-680x453.jpg 680w, http:\/\/ekonomik.opole.pl\/eko3\/wp-content\/uploads\/2026\/04\/day-1-shool-19.jpg 2048w\" sizes=\"(max-width: 1024px) 100vw, 1024px\" \/><\/a><\/figure><\/li><li class=\"blocks-gallery-item\"><figure><a href=\"http:\/\/ekonomik.opole.pl\/eko3\/wp-content\/uploads\/2026\/04\/day-1-shool-18.jpg\"><img loading=\"lazy\" width=\"683\" height=\"1024\" src=\"http:\/\/ekonomik.opole.pl\/eko3\/wp-content\/uploads\/2026\/04\/day-1-shool-18-683x1024.jpg\" alt=\"\" data-id=\"999160\" data-full-url=\"http:\/\/ekonomik.opole.pl\/eko3\/wp-content\/uploads\/2026\/04\/day-1-shool-18.jpg\" data-link=\"https:\/\/ekonomik.opole.pl\/eko3\/?attachment_id=999160\" class=\"wp-image-999160\" srcset=\"http:\/\/ekonomik.opole.pl\/eko3\/wp-content\/uploads\/2026\/04\/day-1-shool-18-683x1024.jpg 683w, http:\/\/ekonomik.opole.pl\/eko3\/wp-content\/uploads\/2026\/04\/day-1-shool-18-200x300.jpg 200w, http:\/\/ekonomik.opole.pl\/eko3\/wp-content\/uploads\/2026\/04\/day-1-shool-18-768x1152.jpg 768w, http:\/\/ekonomik.opole.pl\/eko3\/wp-content\/uploads\/2026\/04\/day-1-shool-18-1024x1536.jpg 1024w, http:\/\/ekonomik.opole.pl\/eko3\/wp-content\/uploads\/2026\/04\/day-1-shool-18-1360x2040.jpg 1360w, http:\/\/ekonomik.opole.pl\/eko3\/wp-content\/uploads\/2026\/04\/day-1-shool-18-680x1020.jpg 680w, http:\/\/ekonomik.opole.pl\/eko3\/wp-content\/uploads\/2026\/04\/day-1-shool-18.jpg 1365w\" sizes=\"(max-width: 683px) 100vw, 683px\" \/><\/a><\/figure><\/li><li class=\"blocks-gallery-item\"><figure><a href=\"http:\/\/ekonomik.opole.pl\/eko3\/wp-content\/uploads\/2026\/04\/Bez-nazwy-6-2.jpg\"><img loading=\"lazy\" width=\"1024\" height=\"683\" src=\"http:\/\/ekonomik.opole.pl\/eko3\/wp-content\/uploads\/2026\/04\/Bez-nazwy-6-2-1024x683.jpg\" alt=\"\" data-id=\"999158\" data-full-url=\"http:\/\/ekonomik.opole.pl\/eko3\/wp-content\/uploads\/2026\/04\/Bez-nazwy-6-2.jpg\" data-link=\"https:\/\/ekonomik.opole.pl\/eko3\/?attachment_id=999158\" class=\"wp-image-999158\" srcset=\"http:\/\/ekonomik.opole.pl\/eko3\/wp-content\/uploads\/2026\/04\/Bez-nazwy-6-2-1024x683.jpg 1024w, http:\/\/ekonomik.opole.pl\/eko3\/wp-content\/uploads\/2026\/04\/Bez-nazwy-6-2-300x200.jpg 300w, http:\/\/ekonomik.opole.pl\/eko3\/wp-content\/uploads\/2026\/04\/Bez-nazwy-6-2-768x512.jpg 768w, http:\/\/ekonomik.opole.pl\/eko3\/wp-content\/uploads\/2026\/04\/Bez-nazwy-6-2-1536x1024.jpg 1536w, http:\/\/ekonomik.opole.pl\/eko3\/wp-content\/uploads\/2026\/04\/Bez-nazwy-6-2-1360x906.jpg 1360w, http:\/\/ekonomik.opole.pl\/eko3\/wp-content\/uploads\/2026\/04\/Bez-nazwy-6-2-680x453.jpg 680w, http:\/\/ekonomik.opole.pl\/eko3\/wp-content\/uploads\/2026\/04\/Bez-nazwy-6-2.jpg 2048w\" sizes=\"(max-width: 1024px) 100vw, 1024px\" \/><\/a><\/figure><\/li><li class=\"blocks-gallery-item\"><figure><a href=\"http:\/\/ekonomik.opole.pl\/eko3\/wp-content\/uploads\/2026\/04\/Bez-nazwy-4-2.jpg\"><img loading=\"lazy\" width=\"1024\" height=\"683\" src=\"http:\/\/ekonomik.opole.pl\/eko3\/wp-content\/uploads\/2026\/04\/Bez-nazwy-4-2-1024x683.jpg\" alt=\"\" data-id=\"999157\" data-full-url=\"http:\/\/ekonomik.opole.pl\/eko3\/wp-content\/uploads\/2026\/04\/Bez-nazwy-4-2.jpg\" data-link=\"https:\/\/ekonomik.opole.pl\/eko3\/?attachment_id=999157\" class=\"wp-image-999157\" srcset=\"http:\/\/ekonomik.opole.pl\/eko3\/wp-content\/uploads\/2026\/04\/Bez-nazwy-4-2-1024x683.jpg 1024w, http:\/\/ekonomik.opole.pl\/eko3\/wp-content\/uploads\/2026\/04\/Bez-nazwy-4-2-300x200.jpg 300w, http:\/\/ekonomik.opole.pl\/eko3\/wp-content\/uploads\/2026\/04\/Bez-nazwy-4-2-768x512.jpg 768w, http:\/\/ekonomik.opole.pl\/eko3\/wp-content\/uploads\/2026\/04\/Bez-nazwy-4-2-1536x1024.jpg 1536w, http:\/\/ekonomik.opole.pl\/eko3\/wp-content\/uploads\/2026\/04\/Bez-nazwy-4-2-1360x906.jpg 1360w, http:\/\/ekonomik.opole.pl\/eko3\/wp-content\/uploads\/2026\/04\/Bez-nazwy-4-2-680x453.jpg 680w, http:\/\/ekonomik.opole.pl\/eko3\/wp-content\/uploads\/2026\/04\/Bez-nazwy-4-2.jpg 2048w\" sizes=\"(max-width: 1024px) 100vw, 1024px\" \/><\/a><\/figure><\/li><li class=\"blocks-gallery-item\"><figure><a href=\"http:\/\/ekonomik.opole.pl\/eko3\/wp-content\/uploads\/2026\/04\/hack-day-shool-34.jpg\"><img loading=\"lazy\" width=\"1024\" height=\"683\" src=\"http:\/\/ekonomik.opole.pl\/eko3\/wp-content\/uploads\/2026\/04\/hack-day-shool-34-1024x683.jpg\" alt=\"\" data-id=\"999156\" data-full-url=\"http:\/\/ekonomik.opole.pl\/eko3\/wp-content\/uploads\/2026\/04\/hack-day-shool-34.jpg\" data-link=\"https:\/\/ekonomik.opole.pl\/eko3\/?attachment_id=999156\" class=\"wp-image-999156\" srcset=\"http:\/\/ekonomik.opole.pl\/eko3\/wp-content\/uploads\/2026\/04\/hack-day-shool-34-1024x683.jpg 1024w, http:\/\/ekonomik.opole.pl\/eko3\/wp-content\/uploads\/2026\/04\/hack-day-shool-34-300x200.jpg 300w, http:\/\/ekonomik.opole.pl\/eko3\/wp-content\/uploads\/2026\/04\/hack-day-shool-34-768x512.jpg 768w, http:\/\/ekonomik.opole.pl\/eko3\/wp-content\/uploads\/2026\/04\/hack-day-shool-34-1536x1024.jpg 1536w, http:\/\/ekonomik.opole.pl\/eko3\/wp-content\/uploads\/2026\/04\/hack-day-shool-34-1360x906.jpg 1360w, http:\/\/ekonomik.opole.pl\/eko3\/wp-content\/uploads\/2026\/04\/hack-day-shool-34-680x453.jpg 680w, http:\/\/ekonomik.opole.pl\/eko3\/wp-content\/uploads\/2026\/04\/hack-day-shool-34.jpg 2048w\" sizes=\"(max-width: 1024px) 100vw, 1024px\" \/><\/a><\/figure><\/li><\/ul><\/figure>\n<\/div><!-- .vgblk-rw-wrapper -->","protected":false},"excerpt":{"rendered":"<p>Reprezentacja naszej szko\u0142y zdoby\u0142a 3 miejsce oraz Nagrod\u0119 Publiczno\u015bci w og\u00f3lnopolskim konkursie programistycznym&nbsp;School HackDay, organizowanym przez wydawnictwo&nbsp;Nowa Era&nbsp;oraz grup\u0119&nbsp;Sanoma Learning. Nasi Laureaci W sk\u0142ad naszego zwyci\u0119skiego zespo\u0142u (zesp\u00f3\u0142 interdyscyplinarny) weszli: Bartosz \u0141ukasik Remigiusz \u0141ukasik Jacek Dombrowski Tomasz R\u00f3g Oliver Skiba Opiek\u0119 merytoryczn\u0105 nad zespo\u0142em sprawowa\u0142 dr in\u017c.&nbsp;Piotr Dzierwa. O wydarzeniu School HackDay&nbsp;to presti\u017cowy hackathon, podczas&#8230;<\/p>\n","protected":false},"author":6,"featured_media":999159,"comment_status":"open","ping_status":"open","sticky":false,"template":"","format":"standard","meta":{"inline_featured_image":false},"categories":[186,90],"tags":[],"_links":{"self":[{"href":"http:\/\/ekonomik.opole.pl\/eko3\/wp-json\/wp\/v2\/posts\/999155"}],"collection":[{"href":"http:\/\/ekonomik.opole.pl\/eko3\/wp-json\/wp\/v2\/posts"}],"about":[{"href":"http:\/\/ekonomik.opole.pl\/eko3\/wp-json\/wp\/v2\/types\/post"}],"author":[{"embeddable":true,"href":"http:\/\/ekonomik.opole.pl\/eko3\/wp-json\/wp\/v2\/users\/6"}],"replies":[{"embeddable":true,"href":"http:\/\/ekonomik.opole.pl\/eko3\/wp-json\/wp\/v2\/comments?post=999155"}],"version-history":[{"count":2,"href":"http:\/\/ekonomik.opole.pl\/eko3\/wp-json\/wp\/v2\/posts\/999155\/revisions"}],"predecessor-version":[{"id":999174,"href":"http:\/\/ekonomik.opole.pl\/eko3\/wp-json\/wp\/v2\/posts\/999155\/revisions\/999174"}],"wp:featuredmedia":[{"embeddable":true,"href":"http:\/\/ekonomik.opole.pl\/eko3\/wp-json\/wp\/v2\/media\/999159"}],"wp:attachment":[{"href":"http:\/\/ekonomik.opole.pl\/eko3\/wp-json\/wp\/v2\/media?parent=999155"}],"wp:term":[{"taxonomy":"category","embeddable":true,"href":"http:\/\/ekonomik.opole.pl\/eko3\/wp-json\/wp\/v2\/categories?post=999155"},{"taxonomy":"post_tag","embeddable":true,"href":"http:\/\/ekonomik.opole.pl\/eko3\/wp-json\/wp\/v2\/tags?post=999155"}],"curies":[{"name":"wp","href":"https:\/\/api.w.org\/{rel}","templated":true}]}}