{"id":999175,"date":"2026-04-29T16:15:00","date_gmt":"2026-04-29T14:15:00","guid":{"rendered":"https:\/\/ekonomik.opole.pl\/eko3\/?p=999175"},"modified":"2026-05-02T00:03:22","modified_gmt":"2026-05-01T22:03:22","slug":"z-wielkim-smutkiem-zegnamy-pana-wieslawa-hernesa","status":"publish","type":"post","link":"http:\/\/ekonomik.opole.pl\/eko3\/z-wielkim-smutkiem-zegnamy-pana-wieslawa-hernesa\/","title":{"rendered":"Z wielkim smutkiem \u017cegnamy Pana Wies\u0142awa Hernesa"},"content":{"rendered":"<div class=\"vgblk-rw-wrapper limit-wrapper\">\n<p>Odszed\u0142 od Nas Pan Wies\u0142aw Hernes &#8211; wieloletni nauczyciel przedmiot\u00f3w zawodowych w zakresie prawa w Zespole Szk\u00f3\u0142 Ekonomicznych w Opolu. <\/p>\n\n\n\n<p>\u017begnamy nauczyciela, pedagoga i Naszego przyjaciela. Wyrazy wsp\u00f3\u0142czucia dla najbli\u017cszych Pana Wies\u0142awa. <\/p>\n\n\n\n<p>Pogrzeb odb\u0119dzie si\u0119 2 maja o godzinie 10:00 w Starej Kaplicy na Cmentarzu Komunalnym w Opolu-P\u00f3\u0142wsi.<\/p>\n<\/div><!-- .vgblk-rw-wrapper -->","protected":false},"excerpt":{"rendered":"<p>Odszed\u0142 od Nas Pan Wies\u0142aw Hernes &#8211; wieloletni nauczyciel przedmiot\u00f3w zawodowych w zakresie prawa w Zespole Szk\u00f3\u0142 Ekonomicznych w Opolu. \u017begnamy nauczyciela, pedagoga i Naszego przyjaciela. Wyrazy wsp\u00f3\u0142czucia dla najbli\u017cszych Pana Wies\u0142awa. Pogrzeb odb\u0119dzie si\u0119 2 maja o godzinie 10:00 w Starej Kaplicy na Cmentarzu Komunalnym w Opolu-P\u00f3\u0142wsi.<\/p>\n","protected":false},"author":6,"featured_media":999176,"comment_status":"open","ping_status":"open","sticky":false,"template":"","format":"standard","meta":{"inline_featured_image":false},"categories":[322],"tags":[],"_links":{"self":[{"href":"http:\/\/ekonomik.opole.pl\/eko3\/wp-json\/wp\/v2\/posts\/999175"}],"collection":[{"href":"http:\/\/ekonomik.opole.pl\/eko3\/wp-json\/wp\/v2\/posts"}],"about":[{"href":"http:\/\/ekonomik.opole.pl\/eko3\/wp-json\/wp\/v2\/types\/post"}],"author":[{"embeddable":true,"href":"http:\/\/ekonomik.opole.pl\/eko3\/wp-json\/wp\/v2\/users\/6"}],"replies":[{"embeddable":true,"href":"http:\/\/ekonomik.opole.pl\/eko3\/wp-json\/wp\/v2\/comments?post=999175"}],"version-history":[{"count":1,"href":"http:\/\/ekonomik.opole.pl\/eko3\/wp-json\/wp\/v2\/posts\/999175\/revisions"}],"predecessor-version":[{"id":999177,"href":"http:\/\/ekonomik.opole.pl\/eko3\/wp-json\/wp\/v2\/posts\/999175\/revisions\/999177"}],"wp:featuredmedia":[{"embeddable":true,"href":"http:\/\/ekonomik.opole.pl\/eko3\/wp-json\/wp\/v2\/media\/999176"}],"wp:attachment":[{"href":"http:\/\/ekonomik.opole.pl\/eko3\/wp-json\/wp\/v2\/media?parent=999175"}],"wp:term":[{"taxonomy":"category","embeddable":true,"href":"http:\/\/ekonomik.opole.pl\/eko3\/wp-json\/wp\/v2\/categories?post=999175"},{"taxonomy":"post_tag","embeddable":true,"href":"http:\/\/ekonomik.opole.pl\/eko3\/wp-json\/wp\/v2\/tags?post=999175"}],"curies":[{"name":"wp","href":"https:\/\/api.w.org\/{rel}","templated":true}]}}