{"id":999179,"date":"2026-05-06T16:55:00","date_gmt":"2026-05-06T14:55:00","guid":{"rendered":"https:\/\/ekonomik.opole.pl\/eko3\/?p=999179"},"modified":"2026-05-08T01:16:31","modified_gmt":"2026-05-07T23:16:31","slug":"wielki-sukces-matematyczny","status":"publish","type":"post","link":"http:\/\/ekonomik.opole.pl\/eko3\/wielki-sukces-matematyczny\/","title":{"rendered":"Wielki sukces matematyczny"},"content":{"rendered":"<div class=\"vgblk-rw-wrapper limit-wrapper\">\n<p>Kamil Gotwald z 4B (technik rachunkowo\u015bci) i Jacek Dombrowski z 4A (technik programista) zakwalifikowali si\u0119 do fina\u0142u Konkursu Euklides, zwanego &#8222;olimpiad\u0105 matematyczn\u0105 dla technik\u00f3w&#8221;!\u00a0<\/p>\n\n\n\n<p>Bior\u0105c pod uwag\u0119 wyniki II etapu wszystkich uczni\u00f3w z ca\u0142ej Polski, Kamil zaj\u0105\u0142 drugie miejsce w kraju, a Jacek trzecie (na 121 os\u00f3b)!\u00a0<\/p>\n\n\n\n<p>To \u015bwietny prognostyk na fina\u0142, kt\u00f3ry 25 i 26 maja odb\u0119dzie si\u0119 w Ko\u0142obrzegu. Trzymajcie kciuki!\u00a0<\/p>\n\n\n\n<p>Opiekunem merytorycznym Kamila i Jacka jest p. prof. Ma\u0142gorzata Rapacz<\/p>\n<\/div><!-- .vgblk-rw-wrapper -->","protected":false},"excerpt":{"rendered":"<p>Kamil Gotwald z 4B (technik rachunkowo\u015bci) i Jacek Dombrowski z 4A (technik programista) zakwalifikowali si\u0119 do fina\u0142u Konkursu Euklides, zwanego &#8222;olimpiad\u0105 matematyczn\u0105 dla technik\u00f3w&#8221;!\u00a0 Bior\u0105c pod uwag\u0119 wyniki II etapu wszystkich uczni\u00f3w z ca\u0142ej Polski, Kamil zaj\u0105\u0142 drugie miejsce w kraju, a Jacek trzecie (na 121 os\u00f3b)!\u00a0 To \u015bwietny prognostyk na fina\u0142, kt\u00f3ry 25 i&#8230;<\/p>\n","protected":false},"author":6,"featured_media":999180,"comment_status":"open","ping_status":"open","sticky":false,"template":"","format":"standard","meta":{"inline_featured_image":false},"categories":[186],"tags":[],"_links":{"self":[{"href":"http:\/\/ekonomik.opole.pl\/eko3\/wp-json\/wp\/v2\/posts\/999179"}],"collection":[{"href":"http:\/\/ekonomik.opole.pl\/eko3\/wp-json\/wp\/v2\/posts"}],"about":[{"href":"http:\/\/ekonomik.opole.pl\/eko3\/wp-json\/wp\/v2\/types\/post"}],"author":[{"embeddable":true,"href":"http:\/\/ekonomik.opole.pl\/eko3\/wp-json\/wp\/v2\/users\/6"}],"replies":[{"embeddable":true,"href":"http:\/\/ekonomik.opole.pl\/eko3\/wp-json\/wp\/v2\/comments?post=999179"}],"version-history":[{"count":1,"href":"http:\/\/ekonomik.opole.pl\/eko3\/wp-json\/wp\/v2\/posts\/999179\/revisions"}],"predecessor-version":[{"id":999181,"href":"http:\/\/ekonomik.opole.pl\/eko3\/wp-json\/wp\/v2\/posts\/999179\/revisions\/999181"}],"wp:featuredmedia":[{"embeddable":true,"href":"http:\/\/ekonomik.opole.pl\/eko3\/wp-json\/wp\/v2\/media\/999180"}],"wp:attachment":[{"href":"http:\/\/ekonomik.opole.pl\/eko3\/wp-json\/wp\/v2\/media?parent=999179"}],"wp:term":[{"taxonomy":"category","embeddable":true,"href":"http:\/\/ekonomik.opole.pl\/eko3\/wp-json\/wp\/v2\/categories?post=999179"},{"taxonomy":"post_tag","embeddable":true,"href":"http:\/\/ekonomik.opole.pl\/eko3\/wp-json\/wp\/v2\/tags?post=999179"}],"curies":[{"name":"wp","href":"https:\/\/api.w.org\/{rel}","templated":true}]}}