{"id":999182,"date":"2026-05-07T17:15:00","date_gmt":"2026-05-07T15:15:00","guid":{"rendered":"https:\/\/ekonomik.opole.pl\/eko3\/?p=999182"},"modified":"2026-05-08T01:20:32","modified_gmt":"2026-05-07T23:20:32","slug":"%f0%9d%90%91%f0%9d%90%94%f0%9d%90%92%f0%9d%90%99%f0%9d%90%80%f0%9d%90%8c%f0%9d%90%98-%f0%9d%90%99-%f0%9d%90%99%f0%9d%90%80%f0%9d%90%8f%f0%9d%90%88%f0%9d%90%92%f0%9d%90%80%f0%9d%90%8c%f0%9d%90%88","status":"publish","type":"post","link":"http:\/\/ekonomik.opole.pl\/eko3\/%f0%9d%90%91%f0%9d%90%94%f0%9d%90%92%f0%9d%90%99%f0%9d%90%80%f0%9d%90%8c%f0%9d%90%98-%f0%9d%90%99-%f0%9d%90%99%f0%9d%90%80%f0%9d%90%8f%f0%9d%90%88%f0%9d%90%92%f0%9d%90%80%f0%9d%90%8c%f0%9d%90%88\/","title":{"rendered":"\ud835\udc11\ud835\udc14\ud835\udc12\ud835\udc19\ud835\udc00\ud835\udc0c\ud835\udc18 \ud835\udc19 \ud835\udc19\ud835\udc00\ud835\udc0f\ud835\udc08\ud835\udc12\ud835\udc00\ud835\udc0c\ud835\udc08!"},"content":{"rendered":"<div class=\"vgblk-rw-wrapper limit-wrapper\">\n<p>Z ogromn\u0105 rado\u015bci\u0105 zapraszamy Was na <a href=\"https:\/\/www.facebook.com\/events\/966826536207897\/?__cft__[0]=AZZPMzgEl3LTfxoadDfXFu335HPFiSBYMbA-bbLvBfUev0CfZZm0tesbRYMaNvP7kGZ_3BN6eO5SciVwwe77zZ8lVTKxgoia_XmBE1lNmC67PPVthuL-EgUBkKGgqmpWM9G59U7XIew-gTQzlvuDd6-DoQ2OkjwOr3sYw39dv5gFyf_AisaRIyvus0CYTs5FnleWooJfyfbe6WHHZwXYUwvMG_MsajROL18G97pwSWIAcA&amp;__tn__=-UK-R\">4. CHARYTATYWNY BIEG Z \u017bONKILEM<\/a><\/p>\n\n\n\n<p>\ud835\udfcf\ud835\udfd2 \ud835\udc1c\ud835\udc33\ud835\udc1e\ud835\udc2b\ud835\udc30\ud835\udc1c\ud835\udc1a \ud835\udfd0\ud835\udfce\ud835\udfd0\ud835\udfd4 (niedziela)<br>\ud835\udc16\ud835\udc32\ud835\udc2c\ud835\udc29\ud835\udc1a \ud835\udc01\ud835\udc28\ud835\udc25\ud835\udc24\ud835\udc28 \ud835\udc30 \ud835\udc0e\ud835\udc29\ud835\udc28\ud835\udc25\ud835\udc2e &#8211; start i meta przy Klubokawiarni <a href=\"https:\/\/www.facebook.com\/labanawyspie?__cft__[0]=AZZPMzgEl3LTfxoadDfXFu335HPFiSBYMbA-bbLvBfUev0CfZZm0tesbRYMaNvP7kGZ_3BN6eO5SciVwwe77zZ8lVTKxgoia_XmBE1lNmC67PPVthuL-EgUBkKGgqmpWM9G59U7XIew-gTQzlvuDd6-DoQ2OkjwOr3sYw39dv5gFyf_AisaRIyvus0CYTs5FnleWooJfyfbe6WHHZwXYUwvMG_MsajROL18G97pwSWIAcA&amp;__tn__=-]K-R\">LABA<\/a><\/p>\n\n\n\n<p>To b\u0119dzie dzie\u0144 pe\u0142en dobra, wzrusze\u0144, u\u015bmiechu i wsp\u00f3lnego pomagania Ca\u0142kowity doch\u00f3d z op\u0142at startowych zostanie przekazany na rzecz <a href=\"https:\/\/www.facebook.com\/profile.php?id=100057297586400&amp;__cft__[0]=AZZPMzgEl3LTfxoadDfXFu335HPFiSBYMbA-bbLvBfUev0CfZZm0tesbRYMaNvP7kGZ_3BN6eO5SciVwwe77zZ8lVTKxgoia_XmBE1lNmC67PPVthuL-EgUBkKGgqmpWM9G59U7XIew-gTQzlvuDd6-DoQ2OkjwOr3sYw39dv5gFyf_AisaRIyvus0CYTs5FnleWooJfyfbe6WHHZwXYUwvMG_MsajROL18G97pwSWIAcA&amp;__tn__=-]K-R\">Domowe Hospicjum dla Dzieci w Opolu<\/a>.<\/p>\n\n\n\n<p>W wydarzeniu mo\u017cna wzi\u0105\u0107 udzia\u0142:<br> \ud835\udc1b\ud835\udc22\ud835\udc1e\ud835\udc20\ud835\udc27\ud835\udc1a\u0328\ud835\udc1c w biegu na \ud835\udfd3 \ud835\udc24\ud835\udc26,<br> \ud835\udc26\ud835\udc1a\ud835\udc2c\ud835\udc33\ud835\udc1e\ud835\udc2b\ud835\udc2e\ud835\udc23\ud835\udc1a\u0328\ud835\udc1c w nordic walking na \ud835\udfd0,\ud835\udfd3 \ud835\udc24\ud835\udc26,<br> lub po prostu b\u0119d\u0105c z nami i wspieraj\u0105c t\u0119 wyj\u0105tkow\u0105 ide\u0119 swoj\u0105 obecno\u015bci\u0105 <br><\/p>\n\n\n\n<p>\ud835\udfcf\ud835\udfcf:\ud835\udfce\ud835\udfce \u2013 bieg \ud835\udfd3 \ud835\udc24\ud835\udc26<br>\ud835\udfcf\ud835\udfd0:\ud835\udfce\ud835\udfce \u2013 nordic walking \ud835\udfd0,\ud835\udfd3 \ud835\udc24\ud835\udc26<\/p>\n\n\n\n<p>Ka\u017cdy uczestnik otrzyma pami\u0105tkowy medal, r\u0119cznie wykonanego \u017conkila, wod\u0119 oraz drobny pocz\u0119stunek <img loading=\"lazy\" height=\"16\" width=\"16\" alt=\"\ud83c\udf3c\" src=\"https:\/\/static.xx.fbcdn.net\/images\/emoji.php\/v9\/t9b\/1\/16\/1f33c.png\"><\/p>\n\n\n\n<p>\ud835\udc0b\ud835\udc22\ud835\udc1c\ud835\udc33\ud835\udc1b\ud835\udc1a \ud835\udc26\ud835\udc22\ud835\udc1e\ud835\udc23\ud835\udc2c\ud835\udc1c \ud835\udc23\ud835\udc1e\ud835\udc2c\ud835\udc2d \ud835\udc28\ud835\udc20\ud835\udc2b\ud835\udc1a\ud835\udc27\ud835\udc22\ud835\udc1c\ud835\udc33\ud835\udc28\ud835\udc27\ud835\udc1a \u2013 \ud835\udfd2\ud835\udfce\ud835\udfce \ud835\udc29\ud835\udc1a\ud835\udc24\ud835\udc22\ud835\udc1e\ud835\udc2d\ud835\udc28\u0301\ud835\udc30 \ud835\udc2c\ud835\udc2d\ud835\udc1a\ud835\udc2b\ud835\udc2d\ud835\udc28\ud835\udc30\ud835\udc32\ud835\udc1c\ud835\udc21!<\/p>\n\n\n\n<p>\ud835\udc19\ud835\udc00\ud835\udc0f\ud835\udc08\ud835\udc12\ud835\udc18:<a rel=\"noreferrer noopener\" href=\"https:\/\/www.zmierzymyczas.pl\/edit\/2542\/iv-charytatywny-bieg-z-zonkilem.html?fbclid=IwZXh0bgNhZW0CMTAAYnJpZBEwNnNQYjRybXJJdjNhR0Jud3NydGMGYXBwX2lkEDIyMjAzOTE3ODgyMDA4OTIAAR4MgtAJr0_7z5U2zjI1nRWwSBIE4lkde8AJ2pgxBq90rLpRwzCloFwMA0DbNg_aem_gndGghX3I6UuADJqj207nQ\" target=\"_blank\">https:\/\/www.zmierzymyczas.pl\/&#8230;\/iv-charytatywny-bieg-z&#8230;<\/a><\/p>\n\n\n\n<p> Spotkajmy si\u0119 na Wyspie Bolko i po raz kolejny poka\u017cmy, ile dobra potrafimy zrobi\u0107 razem.<\/p>\n\n\n\n<figure class=\"wp-block-gallery columns-1 is-cropped\"><ul class=\"blocks-gallery-grid\"><li class=\"blocks-gallery-item\"><figure><a href=\"http:\/\/ekonomik.opole.pl\/eko3\/wp-content\/uploads\/2026\/05\/690891057_1700749171522261_3208827700232964717_n.jpg\"><img loading=\"lazy\" width=\"724\" height=\"1024\" src=\"http:\/\/ekonomik.opole.pl\/eko3\/wp-content\/uploads\/2026\/05\/690891057_1700749171522261_3208827700232964717_n-724x1024.jpg\" alt=\"\" data-id=\"999184\" data-full-url=\"http:\/\/ekonomik.opole.pl\/eko3\/wp-content\/uploads\/2026\/05\/690891057_1700749171522261_3208827700232964717_n.jpg\" data-link=\"https:\/\/ekonomik.opole.pl\/eko3\/?attachment_id=999184\" class=\"wp-image-999184\" srcset=\"http:\/\/ekonomik.opole.pl\/eko3\/wp-content\/uploads\/2026\/05\/690891057_1700749171522261_3208827700232964717_n-724x1024.jpg 724w, http:\/\/ekonomik.opole.pl\/eko3\/wp-content\/uploads\/2026\/05\/690891057_1700749171522261_3208827700232964717_n-212x300.jpg 212w, http:\/\/ekonomik.opole.pl\/eko3\/wp-content\/uploads\/2026\/05\/690891057_1700749171522261_3208827700232964717_n-768x1086.jpg 768w, http:\/\/ekonomik.opole.pl\/eko3\/wp-content\/uploads\/2026\/05\/690891057_1700749171522261_3208827700232964717_n-1086x1536.jpg 1086w, http:\/\/ekonomik.opole.pl\/eko3\/wp-content\/uploads\/2026\/05\/690891057_1700749171522261_3208827700232964717_n-1360x1924.jpg 1360w, http:\/\/ekonomik.opole.pl\/eko3\/wp-content\/uploads\/2026\/05\/690891057_1700749171522261_3208827700232964717_n-680x962.jpg 680w, http:\/\/ekonomik.opole.pl\/eko3\/wp-content\/uploads\/2026\/05\/690891057_1700749171522261_3208827700232964717_n.jpg 1448w\" sizes=\"(max-width: 724px) 100vw, 724px\" \/><\/a><\/figure><\/li><\/ul><\/figure>\n\n\n\n<p> Projekt plakatu: Maja Czarnowska<br> Zdj\u0119cie: Nikola Misch<br> Korekta i koordynacja: mgr Piotr W\u00f3jcik<\/p>\n<\/div><!-- .vgblk-rw-wrapper -->","protected":false},"excerpt":{"rendered":"<p>Z ogromn\u0105 rado\u015bci\u0105 zapraszamy Was na 4. CHARYTATYWNY BIEG Z \u017bONKILEM \ud835\udfcf\ud835\udfd2 \ud835\udc1c\ud835\udc33\ud835\udc1e\ud835\udc2b\ud835\udc30\ud835\udc1c\ud835\udc1a \ud835\udfd0\ud835\udfce\ud835\udfd0\ud835\udfd4 (niedziela)\ud835\udc16\ud835\udc32\ud835\udc2c\ud835\udc29\ud835\udc1a \ud835\udc01\ud835\udc28\ud835\udc25\ud835\udc24\ud835\udc28 \ud835\udc30 \ud835\udc0e\ud835\udc29\ud835\udc28\ud835\udc25\ud835\udc2e &#8211; start i meta przy Klubokawiarni LABA To b\u0119dzie dzie\u0144 pe\u0142en dobra, wzrusze\u0144, u\u015bmiechu i wsp\u00f3lnego pomagania Ca\u0142kowity doch\u00f3d z op\u0142at startowych zostanie przekazany na rzecz Domowe Hospicjum dla Dzieci w Opolu. W wydarzeniu mo\u017cna wzi\u0105\u0107 udzia\u0142:&#8230;<\/p>\n","protected":false},"author":6,"featured_media":999183,"comment_status":"open","ping_status":"open","sticky":false,"template":"","format":"standard","meta":{"inline_featured_image":false},"categories":[208,296],"tags":[],"_links":{"self":[{"href":"http:\/\/ekonomik.opole.pl\/eko3\/wp-json\/wp\/v2\/posts\/999182"}],"collection":[{"href":"http:\/\/ekonomik.opole.pl\/eko3\/wp-json\/wp\/v2\/posts"}],"about":[{"href":"http:\/\/ekonomik.opole.pl\/eko3\/wp-json\/wp\/v2\/types\/post"}],"author":[{"embeddable":true,"href":"http:\/\/ekonomik.opole.pl\/eko3\/wp-json\/wp\/v2\/users\/6"}],"replies":[{"embeddable":true,"href":"http:\/\/ekonomik.opole.pl\/eko3\/wp-json\/wp\/v2\/comments?post=999182"}],"version-history":[{"count":1,"href":"http:\/\/ekonomik.opole.pl\/eko3\/wp-json\/wp\/v2\/posts\/999182\/revisions"}],"predecessor-version":[{"id":999185,"href":"http:\/\/ekonomik.opole.pl\/eko3\/wp-json\/wp\/v2\/posts\/999182\/revisions\/999185"}],"wp:featuredmedia":[{"embeddable":true,"href":"http:\/\/ekonomik.opole.pl\/eko3\/wp-json\/wp\/v2\/media\/999183"}],"wp:attachment":[{"href":"http:\/\/ekonomik.opole.pl\/eko3\/wp-json\/wp\/v2\/media?parent=999182"}],"wp:term":[{"taxonomy":"category","embeddable":true,"href":"http:\/\/ekonomik.opole.pl\/eko3\/wp-json\/wp\/v2\/categories?post=999182"},{"taxonomy":"post_tag","embeddable":true,"href":"http:\/\/ekonomik.opole.pl\/eko3\/wp-json\/wp\/v2\/tags?post=999182"}],"curies":[{"name":"wp","href":"https:\/\/api.w.org\/{rel}","templated":true}]}}