{"id":999190,"date":"2026-05-15T15:40:00","date_gmt":"2026-05-15T13:40:00","guid":{"rendered":"https:\/\/ekonomik.opole.pl\/eko3\/?p=999190"},"modified":"2026-05-16T12:45:12","modified_gmt":"2026-05-16T10:45:12","slug":"top-20-w-polsce","status":"publish","type":"post","link":"http:\/\/ekonomik.opole.pl\/eko3\/top-20-w-polsce\/","title":{"rendered":"TOP 20 W POLSCE!"},"content":{"rendered":"<div class=\"vgblk-rw-wrapper limit-wrapper\">\n<p>Niesamowite wie\u015bci! Projekt badawczy pt. &#8222;Automatyczna segregacja odpad\u00f3w z wykorzystaniem modelu YOLOv11 i urz\u0105dze\u0144 typu Edge&#8221;,\u00a0ucznia klasy 4A w zawodzie technik programista, Remigiusza \u0141ukasika, zosta\u0142 wybrany jako jeden z najlepszych w 3 edycji og\u00f3lnopolskiego program @inzynierowie_przyszlosci Fundacji ORLEN im. Ignacego \u0141ukasiewicza.<br><br>Brawo! To dopiero pocz\u0105tek wielkich rzeczy! <\/p>\n\n\n\n<p>Jedziemy na III Og\u00f3lnopolsk\u0105 Konferencj\u0119 Naukow\u0105 Szk\u00f3\u0142 Ponadpodstawowych Programu In\u017cynierowie Przysz\u0142o\u015bci, kt\u00f3ra odb\u0119dzie si\u0119 w dniach 9\u201310 czerwca 2026 roku na terenie Muzeum Gazowni Warszawskiej.\u00a0<br><br>Opiekun merytoryczny: dr in\u017c. Piotr Dzierwa<\/p>\n\n\n\n<p>Ranking znajdziecie tutaj:<br><a rel=\"noreferrer noopener\" target=\"_blank\" href=\"https:\/\/www.inzynierowie-przyszlosci.pl\/ranking-prac-badawczych\/\">https:\/\/www.inzynierowie-przyszlosci.pl\/ranking-prac-badawczych\/<\/a><br><br>O programie:<br><a href=\"https:\/\/www.inzynierowie-przyszlosci.pl\/#o-programie\" target=\"_blank\" rel=\"noreferrer noopener\">https:\/\/www.inzynierowie-przyszlosci.pl\/#o-programie<\/a><\/p>\n<\/div><!-- .vgblk-rw-wrapper -->","protected":false},"excerpt":{"rendered":"<p>Niesamowite wie\u015bci! Projekt badawczy pt. &#8222;Automatyczna segregacja odpad\u00f3w z wykorzystaniem modelu YOLOv11 i urz\u0105dze\u0144 typu Edge&#8221;,\u00a0ucznia klasy 4A w zawodzie technik programista, Remigiusza \u0141ukasika, zosta\u0142 wybrany jako jeden z najlepszych w 3 edycji og\u00f3lnopolskiego program @inzynierowie_przyszlosci Fundacji ORLEN im. Ignacego \u0141ukasiewicza. Brawo! To dopiero pocz\u0105tek wielkich rzeczy! Jedziemy na III Og\u00f3lnopolsk\u0105 Konferencj\u0119 Naukow\u0105 Szk\u00f3\u0142 Ponadpodstawowych&#8230;<\/p>\n","protected":false},"author":6,"featured_media":999191,"comment_status":"open","ping_status":"open","sticky":false,"template":"","format":"standard","meta":{"inline_featured_image":false},"categories":[186,90],"tags":[],"_links":{"self":[{"href":"http:\/\/ekonomik.opole.pl\/eko3\/wp-json\/wp\/v2\/posts\/999190"}],"collection":[{"href":"http:\/\/ekonomik.opole.pl\/eko3\/wp-json\/wp\/v2\/posts"}],"about":[{"href":"http:\/\/ekonomik.opole.pl\/eko3\/wp-json\/wp\/v2\/types\/post"}],"author":[{"embeddable":true,"href":"http:\/\/ekonomik.opole.pl\/eko3\/wp-json\/wp\/v2\/users\/6"}],"replies":[{"embeddable":true,"href":"http:\/\/ekonomik.opole.pl\/eko3\/wp-json\/wp\/v2\/comments?post=999190"}],"version-history":[{"count":1,"href":"http:\/\/ekonomik.opole.pl\/eko3\/wp-json\/wp\/v2\/posts\/999190\/revisions"}],"predecessor-version":[{"id":999192,"href":"http:\/\/ekonomik.opole.pl\/eko3\/wp-json\/wp\/v2\/posts\/999190\/revisions\/999192"}],"wp:featuredmedia":[{"embeddable":true,"href":"http:\/\/ekonomik.opole.pl\/eko3\/wp-json\/wp\/v2\/media\/999191"}],"wp:attachment":[{"href":"http:\/\/ekonomik.opole.pl\/eko3\/wp-json\/wp\/v2\/media?parent=999190"}],"wp:term":[{"taxonomy":"category","embeddable":true,"href":"http:\/\/ekonomik.opole.pl\/eko3\/wp-json\/wp\/v2\/categories?post=999190"},{"taxonomy":"post_tag","embeddable":true,"href":"http:\/\/ekonomik.opole.pl\/eko3\/wp-json\/wp\/v2\/tags?post=999190"}],"curies":[{"name":"wp","href":"https:\/\/api.w.org\/{rel}","templated":true}]}}