{"id":999194,"date":"2026-05-25T16:15:00","date_gmt":"2026-05-25T14:15:00","guid":{"rendered":"https:\/\/ekonomik.opole.pl\/eko3\/?p=999194"},"modified":"2026-05-25T21:40:03","modified_gmt":"2026-05-25T19:40:03","slug":"odbior-dyplomow-zawodowych-harmonogram","status":"publish","type":"post","link":"http:\/\/ekonomik.opole.pl\/eko3\/odbior-dyplomow-zawodowych-harmonogram\/","title":{"rendered":"Odbi\u00f3r dyplom\u00f3w zawodowych &#8211; harmonogram"},"content":{"rendered":"<div class=\"vgblk-rw-wrapper limit-wrapper\">\n<p>Szanowni Absolwenci,<\/p>\n\n\n\n<p>Informujemy, \u017ce gotowe do odbioru s\u0105 ju\u017c Dyplomy Zawodowe.<\/p>\n\n\n\n<p>Zapraszamy po odbi\u00f3r dokument\u00f3w do sekretariatu szko\u0142y wed\u0142ug poni\u017cszego harmonogramu:<\/p>\n\n\n\n<p><strong>26.05.2026<\/strong> (godz. 8:00- 14:00) &#8211; <strong>technik ekonomista, technik rachunkowo\u015bci<\/strong><\/p>\n\n\n\n<p><strong>27.05.2026 <\/strong>(godz. 8:00- 14:00) &#8211;<strong> technik fotografii i multimedi\u00f3w, technik grafiki i poligrafii, technik reklamy<\/strong><\/p>\n\n\n\n<p><strong>28.05.2026<\/strong> (godz. 8:00- 14:00) &#8211; <strong>technik programista, technik logistyk<\/strong><\/p>\n<\/div><!-- .vgblk-rw-wrapper -->","protected":false},"excerpt":{"rendered":"<p>Szanowni Absolwenci, Informujemy, \u017ce gotowe do odbioru s\u0105 ju\u017c Dyplomy Zawodowe. Zapraszamy po odbi\u00f3r dokument\u00f3w do sekretariatu szko\u0142y wed\u0142ug poni\u017cszego harmonogramu: 26.05.2026 (godz. 8:00- 14:00) &#8211; technik ekonomista, technik rachunkowo\u015bci 27.05.2026 (godz. 8:00- 14:00) &#8211; technik fotografii i multimedi\u00f3w, technik grafiki i poligrafii, technik reklamy 28.05.2026 (godz. 8:00- 14:00) &#8211; technik programista, technik logistyk<\/p>\n","protected":false},"author":6,"featured_media":999111,"comment_status":"open","ping_status":"open","sticky":false,"template":"","format":"standard","meta":{"inline_featured_image":false},"categories":[322],"tags":[],"_links":{"self":[{"href":"http:\/\/ekonomik.opole.pl\/eko3\/wp-json\/wp\/v2\/posts\/999194"}],"collection":[{"href":"http:\/\/ekonomik.opole.pl\/eko3\/wp-json\/wp\/v2\/posts"}],"about":[{"href":"http:\/\/ekonomik.opole.pl\/eko3\/wp-json\/wp\/v2\/types\/post"}],"author":[{"embeddable":true,"href":"http:\/\/ekonomik.opole.pl\/eko3\/wp-json\/wp\/v2\/users\/6"}],"replies":[{"embeddable":true,"href":"http:\/\/ekonomik.opole.pl\/eko3\/wp-json\/wp\/v2\/comments?post=999194"}],"version-history":[{"count":1,"href":"http:\/\/ekonomik.opole.pl\/eko3\/wp-json\/wp\/v2\/posts\/999194\/revisions"}],"predecessor-version":[{"id":999195,"href":"http:\/\/ekonomik.opole.pl\/eko3\/wp-json\/wp\/v2\/posts\/999194\/revisions\/999195"}],"wp:featuredmedia":[{"embeddable":true,"href":"http:\/\/ekonomik.opole.pl\/eko3\/wp-json\/wp\/v2\/media\/999111"}],"wp:attachment":[{"href":"http:\/\/ekonomik.opole.pl\/eko3\/wp-json\/wp\/v2\/media?parent=999194"}],"wp:term":[{"taxonomy":"category","embeddable":true,"href":"http:\/\/ekonomik.opole.pl\/eko3\/wp-json\/wp\/v2\/categories?post=999194"},{"taxonomy":"post_tag","embeddable":true,"href":"http:\/\/ekonomik.opole.pl\/eko3\/wp-json\/wp\/v2\/tags?post=999194"}],"curies":[{"name":"wp","href":"https:\/\/api.w.org\/{rel}","templated":true}]}}