{"id":999196,"date":"2026-05-20T09:51:00","date_gmt":"2026-05-20T07:51:00","guid":{"rendered":"https:\/\/ekonomik.opole.pl\/eko3\/?p=999196"},"modified":"2026-05-26T09:54:16","modified_gmt":"2026-05-26T07:54:16","slug":"v-szkolna-gielda-roslin-doniczkowych-czyli-dzien-mamy-w-ekonomiku","status":"publish","type":"post","link":"http:\/\/ekonomik.opole.pl\/eko3\/v-szkolna-gielda-roslin-doniczkowych-czyli-dzien-mamy-w-ekonomiku\/","title":{"rendered":"V szkolna gie\u0142da ro\u015blin doniczkowych, czyli Dzie\u0144 Mamy w Ekonomiku"},"content":{"rendered":"<div class=\"vgblk-rw-wrapper limit-wrapper\">\n<p>Ju\u017c po raz pi\u0105ty zapraszamy do pomocy przy organizacji szkolnej gie\u0142dy ro\u015blin doniczkowych. Jej powodzenie zale\u017cy od Was!<\/p>\n\n\n\n<p> Jak to zrobi\u0107?<br><strong>Od 20.05 (\u015broda) do 25.05.2026 (poniedzia\u0142ek)<\/strong> mo\u017cna przynosi\u0107 dowolne ro\u015bliny doniczkowe na d\u0142ugiej przerwie do sali 39.<br><\/p>\n\n\n\n<p>We wtorek <strong>26 maja<\/strong> na II pi\u0119trze odb\u0119dzie si\u0119 sprzeda\u017c ro\u015blin (idealny prezent dla ka\u017cdej Mamy z okazji jej \u015bwi\u0119ta).<br><\/p>\n\n\n\n<p>Uzbierane \u015brodki finansowe trafi\u0105 jak zawsze na szczytny cel charytatywny.<br><br>Liczymy na Wasze wsparcie<\/p>\n<\/div><!-- .vgblk-rw-wrapper -->","protected":false},"excerpt":{"rendered":"<p>Ju\u017c po raz pi\u0105ty zapraszamy do pomocy przy organizacji szkolnej gie\u0142dy ro\u015blin doniczkowych. Jej powodzenie zale\u017cy od Was! Jak to zrobi\u0107?Od 20.05 (\u015broda) do 25.05.2026 (poniedzia\u0142ek) mo\u017cna przynosi\u0107 dowolne ro\u015bliny doniczkowe na d\u0142ugiej przerwie do sali 39. We wtorek 26 maja na II pi\u0119trze odb\u0119dzie si\u0119 sprzeda\u017c ro\u015blin (idealny prezent dla ka\u017cdej Mamy z okazji&#8230;<\/p>\n","protected":false},"author":6,"featured_media":999197,"comment_status":"open","ping_status":"open","sticky":false,"template":"","format":"standard","meta":{"inline_featured_image":false},"categories":[296],"tags":[],"_links":{"self":[{"href":"http:\/\/ekonomik.opole.pl\/eko3\/wp-json\/wp\/v2\/posts\/999196"}],"collection":[{"href":"http:\/\/ekonomik.opole.pl\/eko3\/wp-json\/wp\/v2\/posts"}],"about":[{"href":"http:\/\/ekonomik.opole.pl\/eko3\/wp-json\/wp\/v2\/types\/post"}],"author":[{"embeddable":true,"href":"http:\/\/ekonomik.opole.pl\/eko3\/wp-json\/wp\/v2\/users\/6"}],"replies":[{"embeddable":true,"href":"http:\/\/ekonomik.opole.pl\/eko3\/wp-json\/wp\/v2\/comments?post=999196"}],"version-history":[{"count":1,"href":"http:\/\/ekonomik.opole.pl\/eko3\/wp-json\/wp\/v2\/posts\/999196\/revisions"}],"predecessor-version":[{"id":999198,"href":"http:\/\/ekonomik.opole.pl\/eko3\/wp-json\/wp\/v2\/posts\/999196\/revisions\/999198"}],"wp:featuredmedia":[{"embeddable":true,"href":"http:\/\/ekonomik.opole.pl\/eko3\/wp-json\/wp\/v2\/media\/999197"}],"wp:attachment":[{"href":"http:\/\/ekonomik.opole.pl\/eko3\/wp-json\/wp\/v2\/media?parent=999196"}],"wp:term":[{"taxonomy":"category","embeddable":true,"href":"http:\/\/ekonomik.opole.pl\/eko3\/wp-json\/wp\/v2\/categories?post=999196"},{"taxonomy":"post_tag","embeddable":true,"href":"http:\/\/ekonomik.opole.pl\/eko3\/wp-json\/wp\/v2\/tags?post=999196"}],"curies":[{"name":"wp","href":"https:\/\/api.w.org\/{rel}","templated":true}]}}