{"id":999199,"date":"2026-05-19T15:25:00","date_gmt":"2026-05-19T13:25:00","guid":{"rendered":"https:\/\/ekonomik.opole.pl\/eko3\/?p=999199"},"modified":"2026-06-01T21:27:40","modified_gmt":"2026-06-01T19:27:40","slug":"historyczny-wynik","status":"publish","type":"post","link":"http:\/\/ekonomik.opole.pl\/eko3\/historyczny-wynik\/","title":{"rendered":"Historyczny wynik!"},"content":{"rendered":"<div class=\"vgblk-rw-wrapper limit-wrapper\">\n<p>Ekonomik najlepsz\u0105 szko\u0142\u0105 w\u015br\u00f3d technik\u00f3w w 58. edycji &#8222;Ma\u0142ej Olimpiady Matematycznej&#8221;! <\/p>\n\n\n\n<p>Jakub Kierys z kl. 1B (technik programista), Jacek Dombrowski z kl. 4A (technik programista), Kamil Gotwald z kl. 4B (technik rachunkowo\u015bci) i Leon Przyklenk z kl. 5B (technik programista) zaj\u0119li w klasyfikacji zespo\u0142owej czwarte miejsce w\u015br\u00f3d wszystkich szk\u00f3\u0142 \u015brednich (licea i technika), a pierwsze w\u015br\u00f3d technik\u00f3w! <\/p>\n\n\n\n<p>Gratulujemy!<\/p>\n\n\n\n<p>Opiekunem Jakuba by\u0142 p. Mariusz Wojas, Jacka i Kamila &#8211; p. Ma\u0142gorzata Rapacz, a Leona &#8211; p. Beata Wi\u015bniewska. <\/p>\n\n\n\n<p>Maj\u0105ca d\u0142ug\u0105 tradycj\u0119 &#8222;Ma\u0142a Olimpiada Matematyczna&#8221;, z\u0142o\u017cona z bardzo wymagaj\u0105cych zada\u0144 z algebry i geometrii, jest jednym z najtrudniejszych konkurs\u00f3w matematycznych<\/p>\n<\/div><!-- .vgblk-rw-wrapper -->","protected":false},"excerpt":{"rendered":"<p>Ekonomik najlepsz\u0105 szko\u0142\u0105 w\u015br\u00f3d technik\u00f3w w 58. edycji &#8222;Ma\u0142ej Olimpiady Matematycznej&#8221;! Jakub Kierys z kl. 1B (technik programista), Jacek Dombrowski z kl. 4A (technik programista), Kamil Gotwald z kl. 4B (technik rachunkowo\u015bci) i Leon Przyklenk z kl. 5B (technik programista) zaj\u0119li w klasyfikacji zespo\u0142owej czwarte miejsce w\u015br\u00f3d wszystkich szk\u00f3\u0142 \u015brednich (licea i technika), a pierwsze&#8230;<\/p>\n","protected":false},"author":6,"featured_media":999200,"comment_status":"open","ping_status":"open","sticky":false,"template":"","format":"standard","meta":{"inline_featured_image":false},"categories":[186],"tags":[],"_links":{"self":[{"href":"http:\/\/ekonomik.opole.pl\/eko3\/wp-json\/wp\/v2\/posts\/999199"}],"collection":[{"href":"http:\/\/ekonomik.opole.pl\/eko3\/wp-json\/wp\/v2\/posts"}],"about":[{"href":"http:\/\/ekonomik.opole.pl\/eko3\/wp-json\/wp\/v2\/types\/post"}],"author":[{"embeddable":true,"href":"http:\/\/ekonomik.opole.pl\/eko3\/wp-json\/wp\/v2\/users\/6"}],"replies":[{"embeddable":true,"href":"http:\/\/ekonomik.opole.pl\/eko3\/wp-json\/wp\/v2\/comments?post=999199"}],"version-history":[{"count":1,"href":"http:\/\/ekonomik.opole.pl\/eko3\/wp-json\/wp\/v2\/posts\/999199\/revisions"}],"predecessor-version":[{"id":999201,"href":"http:\/\/ekonomik.opole.pl\/eko3\/wp-json\/wp\/v2\/posts\/999199\/revisions\/999201"}],"wp:featuredmedia":[{"embeddable":true,"href":"http:\/\/ekonomik.opole.pl\/eko3\/wp-json\/wp\/v2\/media\/999200"}],"wp:attachment":[{"href":"http:\/\/ekonomik.opole.pl\/eko3\/wp-json\/wp\/v2\/media?parent=999199"}],"wp:term":[{"taxonomy":"category","embeddable":true,"href":"http:\/\/ekonomik.opole.pl\/eko3\/wp-json\/wp\/v2\/categories?post=999199"},{"taxonomy":"post_tag","embeddable":true,"href":"http:\/\/ekonomik.opole.pl\/eko3\/wp-json\/wp\/v2\/tags?post=999199"}],"curies":[{"name":"wp","href":"https:\/\/api.w.org\/{rel}","templated":true}]}}