{"id":999202,"date":"2026-05-25T17:15:00","date_gmt":"2026-05-25T15:15:00","guid":{"rendered":"https:\/\/ekonomik.opole.pl\/eko3\/?p=999202"},"modified":"2026-06-09T10:47:32","modified_gmt":"2026-06-09T08:47:32","slug":"pokolenie-uwiklane-w-swiat-cyfrowy","status":"publish","type":"post","link":"http:\/\/ekonomik.opole.pl\/eko3\/pokolenie-uwiklane-w-swiat-cyfrowy\/","title":{"rendered":"Pokolenie uwik\u0142ane w \u015bwiat cyfrowy"},"content":{"rendered":"<div class=\"vgblk-rw-wrapper limit-wrapper\">\n<p>W pi\u0105tek w Zespole Szk\u00f3\u0142 Ekonomicznych odby\u0142o si\u0119 wyj\u0105tkowe spotkanie przedstawicieli \ud835\ude4e\ud835\ude69\ud835\ude64\ud835\ude6c\ud835\ude56\ud835\ude67\ud835\ude6f\ud835\ude6e\ud835\ude68\ud835\ude6f\ud835\ude5a\ud835\ude63\ud835\ude5e\ud835\ude56 \ud835\ude4e\ud835\ude6f\ud835\ude60\ud835\ude64\u0301\u0142 \ud835\ude44\ud835\ude63\ud835\ude63\ud835\ude64\ud835\ude6c\ud835\ude56\ud835\ude58\ud835\ude6e\ud835\ude5f\ud835\ude63\ud835\ude6e\ud835\ude58\ud835\ude5d \ud835\ude4d\ud835\ude5a\ud835\ude5c\ud835\ude5e\ud835\ude64\ud835\ude63\ud835\ude6a \ud835\ude4a\ud835\ude65\ud835\ude64\ud835\ude61\ud835\ude68\ud835\ude60\ud835\ude5e\ud835\ude5a\ud835\ude5c\ud835\ude64, kt\u00f3re by\u0142o doskona\u0142\u0105 okazj\u0105 do wymiany do\u015bwiadcze\u0144 oraz dzielenia si\u0119 dobrymi praktykami w edukacji.<\/p>\n\n\n\n<p>Dyrektorzy szk\u00f3\u0142 oraz zaproszeni go\u015bcie mieli mo\u017cliwo\u015b\u0107 wys\u0142uchania inspiruj\u0105cego wyk\u0142adu dr in\u017c. Piotra Dzierwy, kt\u00f3ry zwr\u00f3ci\u0142 uwag\u0119 na znaczenie nowoczesnych rozwi\u0105za\u0144 i innowacyjnego podej\u015bcia w kszta\u0142ceniu m\u0142odego pokolenia. <\/p>\n\n\n\n<p>Podczas konferencji Pani Dyrektor E.Nowak- Kubler podzieli\u0142a si\u0119 do\u015bwiadczeniami oraz wiedz\u0105 zdobyt\u0105 w trakcie szkolenia &#8222;Sztuczna inteligencja i Chat GPT&#8221;. Przedstawi\u0142a mo\u017cliwo\u015bci wykorzystania narz\u0119dzi opartych na sztucznej inteligencji w procesie dydaktycznym, podkre\u015blaj\u0105c ich rol\u0119 w rozwijaniu kompetencji przysz\u0142o\u015bci. Podkre\u015bli\u0142a, \u017ce wiedza zdobyt\u0105 podczas kursu w Bolonii stanowi cenne wsparcie w dostosowaniu edukacji do potrzeb wsp\u00f3\u0142czesnego pokolenia funkcjonuj\u0105cego w dynamicznie zmieniaj\u0105cym si\u0119 \u015bwiecie technologii.<\/p>\n\n\n\n<p>Szczeg\u00f3lnym momentem spotkania by\u0142y r\u00f3wnie\u017c wyst\u0105pienia uczni\u00f3w klasy programistycznej \u2013 Olivera Skiby oraz Tomasza Roga, kt\u00f3rzy zaprezentowali swoje projekty i podzielili si\u0119 pasj\u0105 do nowych technologii. <\/p>\n\n\n\n<figure class=\"wp-block-gallery columns-4 is-cropped\"><ul class=\"blocks-gallery-grid\"><li class=\"blocks-gallery-item\"><figure><a href=\"http:\/\/ekonomik.opole.pl\/eko3\/wp-content\/uploads\/2026\/06\/8.jpg\"><img loading=\"lazy\" width=\"1024\" height=\"683\" src=\"http:\/\/ekonomik.opole.pl\/eko3\/wp-content\/uploads\/2026\/06\/8-1024x683.jpg\" alt=\"\" data-id=\"999203\" data-full-url=\"http:\/\/ekonomik.opole.pl\/eko3\/wp-content\/uploads\/2026\/06\/8.jpg\" data-link=\"https:\/\/ekonomik.opole.pl\/eko3\/?attachment_id=999203\" class=\"wp-image-999203\" srcset=\"http:\/\/ekonomik.opole.pl\/eko3\/wp-content\/uploads\/2026\/06\/8-1024x683.jpg 1024w, http:\/\/ekonomik.opole.pl\/eko3\/wp-content\/uploads\/2026\/06\/8-300x200.jpg 300w, http:\/\/ekonomik.opole.pl\/eko3\/wp-content\/uploads\/2026\/06\/8-768x512.jpg 768w, http:\/\/ekonomik.opole.pl\/eko3\/wp-content\/uploads\/2026\/06\/8-1536x1024.jpg 1536w, http:\/\/ekonomik.opole.pl\/eko3\/wp-content\/uploads\/2026\/06\/8-1360x906.jpg 1360w, http:\/\/ekonomik.opole.pl\/eko3\/wp-content\/uploads\/2026\/06\/8-680x453.jpg 680w, http:\/\/ekonomik.opole.pl\/eko3\/wp-content\/uploads\/2026\/06\/8.jpg 2048w\" sizes=\"(max-width: 1024px) 100vw, 1024px\" \/><\/a><\/figure><\/li><li class=\"blocks-gallery-item\"><figure><a href=\"http:\/\/ekonomik.opole.pl\/eko3\/wp-content\/uploads\/2026\/06\/2.jpg\"><img loading=\"lazy\" width=\"1024\" height=\"683\" src=\"http:\/\/ekonomik.opole.pl\/eko3\/wp-content\/uploads\/2026\/06\/2-1024x683.jpg\" alt=\"\" data-id=\"999205\" data-full-url=\"http:\/\/ekonomik.opole.pl\/eko3\/wp-content\/uploads\/2026\/06\/2.jpg\" data-link=\"https:\/\/ekonomik.opole.pl\/eko3\/?attachment_id=999205\" class=\"wp-image-999205\" srcset=\"http:\/\/ekonomik.opole.pl\/eko3\/wp-content\/uploads\/2026\/06\/2-1024x683.jpg 1024w, http:\/\/ekonomik.opole.pl\/eko3\/wp-content\/uploads\/2026\/06\/2-300x200.jpg 300w, http:\/\/ekonomik.opole.pl\/eko3\/wp-content\/uploads\/2026\/06\/2-768x512.jpg 768w, http:\/\/ekonomik.opole.pl\/eko3\/wp-content\/uploads\/2026\/06\/2-1536x1024.jpg 1536w, http:\/\/ekonomik.opole.pl\/eko3\/wp-content\/uploads\/2026\/06\/2-1360x906.jpg 1360w, http:\/\/ekonomik.opole.pl\/eko3\/wp-content\/uploads\/2026\/06\/2-680x453.jpg 680w, http:\/\/ekonomik.opole.pl\/eko3\/wp-content\/uploads\/2026\/06\/2.jpg 2048w\" sizes=\"(max-width: 1024px) 100vw, 1024px\" \/><\/a><\/figure><\/li><li class=\"blocks-gallery-item\"><figure><a href=\"http:\/\/ekonomik.opole.pl\/eko3\/wp-content\/uploads\/2026\/06\/3.jpg\"><img loading=\"lazy\" width=\"2048\" height=\"1366\" src=\"http:\/\/ekonomik.opole.pl\/eko3\/wp-content\/uploads\/2026\/06\/3-1024x683.jpg\" alt=\"\" data-id=\"999206\" data-full-url=\"http:\/\/ekonomik.opole.pl\/eko3\/wp-content\/uploads\/2026\/06\/3.jpg\" data-link=\"https:\/\/ekonomik.opole.pl\/eko3\/?attachment_id=999206\" class=\"wp-image-999206\" srcset=\"http:\/\/ekonomik.opole.pl\/eko3\/wp-content\/uploads\/2026\/06\/3-1024x683.jpg 1024w, http:\/\/ekonomik.opole.pl\/eko3\/wp-content\/uploads\/2026\/06\/3-300x200.jpg 300w, http:\/\/ekonomik.opole.pl\/eko3\/wp-content\/uploads\/2026\/06\/3-768x512.jpg 768w, http:\/\/ekonomik.opole.pl\/eko3\/wp-content\/uploads\/2026\/06\/3-1536x1025.jpg 1536w, http:\/\/ekonomik.opole.pl\/eko3\/wp-content\/uploads\/2026\/06\/3-1360x907.jpg 1360w, http:\/\/ekonomik.opole.pl\/eko3\/wp-content\/uploads\/2026\/06\/3-680x454.jpg 680w, http:\/\/ekonomik.opole.pl\/eko3\/wp-content\/uploads\/2026\/06\/3.jpg 2048w\" sizes=\"(max-width: 2048px) 100vw, 2048px\" \/><\/a><\/figure><\/li><li class=\"blocks-gallery-item\"><figure><a href=\"http:\/\/ekonomik.opole.pl\/eko3\/wp-content\/uploads\/2026\/06\/4.jpg\"><img loading=\"lazy\" width=\"1024\" height=\"683\" src=\"http:\/\/ekonomik.opole.pl\/eko3\/wp-content\/uploads\/2026\/06\/4-1024x683.jpg\" alt=\"\" data-id=\"999207\" data-full-url=\"http:\/\/ekonomik.opole.pl\/eko3\/wp-content\/uploads\/2026\/06\/4.jpg\" data-link=\"https:\/\/ekonomik.opole.pl\/eko3\/?attachment_id=999207\" class=\"wp-image-999207\" srcset=\"http:\/\/ekonomik.opole.pl\/eko3\/wp-content\/uploads\/2026\/06\/4-1024x683.jpg 1024w, http:\/\/ekonomik.opole.pl\/eko3\/wp-content\/uploads\/2026\/06\/4-300x200.jpg 300w, http:\/\/ekonomik.opole.pl\/eko3\/wp-content\/uploads\/2026\/06\/4-768x512.jpg 768w, http:\/\/ekonomik.opole.pl\/eko3\/wp-content\/uploads\/2026\/06\/4-1536x1024.jpg 1536w, http:\/\/ekonomik.opole.pl\/eko3\/wp-content\/uploads\/2026\/06\/4-1360x906.jpg 1360w, http:\/\/ekonomik.opole.pl\/eko3\/wp-content\/uploads\/2026\/06\/4-680x453.jpg 680w, http:\/\/ekonomik.opole.pl\/eko3\/wp-content\/uploads\/2026\/06\/4.jpg 2048w\" sizes=\"(max-width: 1024px) 100vw, 1024px\" \/><\/a><\/figure><\/li><li class=\"blocks-gallery-item\"><figure><a href=\"http:\/\/ekonomik.opole.pl\/eko3\/wp-content\/uploads\/2026\/06\/5.jpg\"><img loading=\"lazy\" width=\"1024\" height=\"683\" src=\"http:\/\/ekonomik.opole.pl\/eko3\/wp-content\/uploads\/2026\/06\/5-1024x683.jpg\" alt=\"\" data-id=\"999208\" data-full-url=\"http:\/\/ekonomik.opole.pl\/eko3\/wp-content\/uploads\/2026\/06\/5.jpg\" data-link=\"https:\/\/ekonomik.opole.pl\/eko3\/?attachment_id=999208\" class=\"wp-image-999208\" srcset=\"http:\/\/ekonomik.opole.pl\/eko3\/wp-content\/uploads\/2026\/06\/5-1024x683.jpg 1024w, http:\/\/ekonomik.opole.pl\/eko3\/wp-content\/uploads\/2026\/06\/5-300x200.jpg 300w, http:\/\/ekonomik.opole.pl\/eko3\/wp-content\/uploads\/2026\/06\/5-768x512.jpg 768w, http:\/\/ekonomik.opole.pl\/eko3\/wp-content\/uploads\/2026\/06\/5-1536x1024.jpg 1536w, http:\/\/ekonomik.opole.pl\/eko3\/wp-content\/uploads\/2026\/06\/5-1360x906.jpg 1360w, http:\/\/ekonomik.opole.pl\/eko3\/wp-content\/uploads\/2026\/06\/5-680x453.jpg 680w, http:\/\/ekonomik.opole.pl\/eko3\/wp-content\/uploads\/2026\/06\/5.jpg 2048w\" sizes=\"(max-width: 1024px) 100vw, 1024px\" \/><\/a><\/figure><\/li><li class=\"blocks-gallery-item\"><figure><a href=\"http:\/\/ekonomik.opole.pl\/eko3\/wp-content\/uploads\/2026\/06\/6.jpg\"><img loading=\"lazy\" width=\"1024\" height=\"683\" src=\"http:\/\/ekonomik.opole.pl\/eko3\/wp-content\/uploads\/2026\/06\/6-1024x683.jpg\" alt=\"\" data-id=\"999209\" data-full-url=\"http:\/\/ekonomik.opole.pl\/eko3\/wp-content\/uploads\/2026\/06\/6.jpg\" data-link=\"https:\/\/ekonomik.opole.pl\/eko3\/?attachment_id=999209\" class=\"wp-image-999209\" srcset=\"http:\/\/ekonomik.opole.pl\/eko3\/wp-content\/uploads\/2026\/06\/6-1024x683.jpg 1024w, http:\/\/ekonomik.opole.pl\/eko3\/wp-content\/uploads\/2026\/06\/6-300x200.jpg 300w, http:\/\/ekonomik.opole.pl\/eko3\/wp-content\/uploads\/2026\/06\/6-768x512.jpg 768w, http:\/\/ekonomik.opole.pl\/eko3\/wp-content\/uploads\/2026\/06\/6-1536x1024.jpg 1536w, http:\/\/ekonomik.opole.pl\/eko3\/wp-content\/uploads\/2026\/06\/6-1360x906.jpg 1360w, http:\/\/ekonomik.opole.pl\/eko3\/wp-content\/uploads\/2026\/06\/6-680x453.jpg 680w, http:\/\/ekonomik.opole.pl\/eko3\/wp-content\/uploads\/2026\/06\/6.jpg 2048w\" sizes=\"(max-width: 1024px) 100vw, 1024px\" \/><\/a><\/figure><\/li><li class=\"blocks-gallery-item\"><figure><a href=\"http:\/\/ekonomik.opole.pl\/eko3\/wp-content\/uploads\/2026\/06\/7.jpg\"><img loading=\"lazy\" width=\"1024\" height=\"683\" src=\"http:\/\/ekonomik.opole.pl\/eko3\/wp-content\/uploads\/2026\/06\/7-1024x683.jpg\" alt=\"\" data-id=\"999210\" data-full-url=\"http:\/\/ekonomik.opole.pl\/eko3\/wp-content\/uploads\/2026\/06\/7.jpg\" data-link=\"https:\/\/ekonomik.opole.pl\/eko3\/?attachment_id=999210\" class=\"wp-image-999210\" srcset=\"http:\/\/ekonomik.opole.pl\/eko3\/wp-content\/uploads\/2026\/06\/7-1024x683.jpg 1024w, http:\/\/ekonomik.opole.pl\/eko3\/wp-content\/uploads\/2026\/06\/7-300x200.jpg 300w, http:\/\/ekonomik.opole.pl\/eko3\/wp-content\/uploads\/2026\/06\/7-768x512.jpg 768w, http:\/\/ekonomik.opole.pl\/eko3\/wp-content\/uploads\/2026\/06\/7-1536x1024.jpg 1536w, http:\/\/ekonomik.opole.pl\/eko3\/wp-content\/uploads\/2026\/06\/7-1360x906.jpg 1360w, http:\/\/ekonomik.opole.pl\/eko3\/wp-content\/uploads\/2026\/06\/7-680x453.jpg 680w, http:\/\/ekonomik.opole.pl\/eko3\/wp-content\/uploads\/2026\/06\/7.jpg 2048w\" sizes=\"(max-width: 1024px) 100vw, 1024px\" \/><\/a><\/figure><\/li><\/ul><\/figure>\n\n\n\n<p>Fot. Marta Nagi \/ Piotr W\u00f3jcik<\/p>\n<\/div><!-- .vgblk-rw-wrapper -->","protected":false},"excerpt":{"rendered":"<p>W pi\u0105tek w Zespole Szk\u00f3\u0142 Ekonomicznych odby\u0142o si\u0119 wyj\u0105tkowe spotkanie przedstawicieli \ud835\ude4e\ud835\ude69\ud835\ude64\ud835\ude6c\ud835\ude56\ud835\ude67\ud835\ude6f\ud835\ude6e\ud835\ude68\ud835\ude6f\ud835\ude5a\ud835\ude63\ud835\ude5e\ud835\ude56 \ud835\ude4e\ud835\ude6f\ud835\ude60\ud835\ude64\u0301\u0142 \ud835\ude44\ud835\ude63\ud835\ude63\ud835\ude64\ud835\ude6c\ud835\ude56\ud835\ude58\ud835\ude6e\ud835\ude5f\ud835\ude63\ud835\ude6e\ud835\ude58\ud835\ude5d \ud835\ude4d\ud835\ude5a\ud835\ude5c\ud835\ude5e\ud835\ude64\ud835\ude63\ud835\ude6a \ud835\ude4a\ud835\ude65\ud835\ude64\ud835\ude61\ud835\ude68\ud835\ude60\ud835\ude5e\ud835\ude5a\ud835\ude5c\ud835\ude64, kt\u00f3re by\u0142o doskona\u0142\u0105 okazj\u0105 do wymiany do\u015bwiadcze\u0144 oraz dzielenia si\u0119 dobrymi praktykami w edukacji. Dyrektorzy szk\u00f3\u0142 oraz zaproszeni go\u015bcie mieli mo\u017cliwo\u015b\u0107 wys\u0142uchania inspiruj\u0105cego wyk\u0142adu dr in\u017c. Piotra Dzierwy, kt\u00f3ry zwr\u00f3ci\u0142 uwag\u0119 na znaczenie nowoczesnych rozwi\u0105za\u0144 i innowacyjnego podej\u015bcia w&#8230;<\/p>\n","protected":false},"author":6,"featured_media":999204,"comment_status":"open","ping_status":"open","sticky":false,"template":"","format":"standard","meta":{"inline_featured_image":false},"categories":[208],"tags":[],"_links":{"self":[{"href":"http:\/\/ekonomik.opole.pl\/eko3\/wp-json\/wp\/v2\/posts\/999202"}],"collection":[{"href":"http:\/\/ekonomik.opole.pl\/eko3\/wp-json\/wp\/v2\/posts"}],"about":[{"href":"http:\/\/ekonomik.opole.pl\/eko3\/wp-json\/wp\/v2\/types\/post"}],"author":[{"embeddable":true,"href":"http:\/\/ekonomik.opole.pl\/eko3\/wp-json\/wp\/v2\/users\/6"}],"replies":[{"embeddable":true,"href":"http:\/\/ekonomik.opole.pl\/eko3\/wp-json\/wp\/v2\/comments?post=999202"}],"version-history":[{"count":2,"href":"http:\/\/ekonomik.opole.pl\/eko3\/wp-json\/wp\/v2\/posts\/999202\/revisions"}],"predecessor-version":[{"id":999265,"href":"http:\/\/ekonomik.opole.pl\/eko3\/wp-json\/wp\/v2\/posts\/999202\/revisions\/999265"}],"wp:featuredmedia":[{"embeddable":true,"href":"http:\/\/ekonomik.opole.pl\/eko3\/wp-json\/wp\/v2\/media\/999204"}],"wp:attachment":[{"href":"http:\/\/ekonomik.opole.pl\/eko3\/wp-json\/wp\/v2\/media?parent=999202"}],"wp:term":[{"taxonomy":"category","embeddable":true,"href":"http:\/\/ekonomik.opole.pl\/eko3\/wp-json\/wp\/v2\/categories?post=999202"},{"taxonomy":"post_tag","embeddable":true,"href":"http:\/\/ekonomik.opole.pl\/eko3\/wp-json\/wp\/v2\/tags?post=999202"}],"curies":[{"name":"wp","href":"https:\/\/api.w.org\/{rel}","templated":true}]}}