{"id":999218,"date":"2026-05-31T16:45:00","date_gmt":"2026-05-31T14:45:00","guid":{"rendered":"https:\/\/ekonomik.opole.pl\/eko3\/?p=999218"},"modified":"2026-06-01T21:48:33","modified_gmt":"2026-06-01T19:48:33","slug":"czas-na-lekkoatletyke","status":"publish","type":"post","link":"http:\/\/ekonomik.opole.pl\/eko3\/czas-na-lekkoatletyke\/","title":{"rendered":"Czas na Lekkoatletyk\u0119!"},"content":{"rendered":"<div class=\"vgblk-rw-wrapper limit-wrapper\">\n<p>28 maja 2026 roku na Stadionie im. Opolskich Olimpijczyk\u00f3w w Opolu nasi uczniowie, z sukcesami, rywalizowali w Mistrzostwach Miasta Opola w Lekkoatletyce. W zawodach zdobyli\u015bmy \u0142acznie 8 medali, a do kolejnych miejsc na podium zabrak\u0142o bardzo niewiele. <\/p>\n\n\n\n<p>Najwi\u0119kszy sukces odnios\u0142a Wiktoria Kalicun 4G, kt\u00f3ra zdoby\u0142a z\u0142oty medal w skoku wzwy\u017c oraz srebrny medal w tr\u00f3jskoku. Na najwy\u017cszym stopniu podium stan\u0105\u0142 r\u00f3wnie\u017c Franciszek Dank\u00f3w 4E, zwyci\u0119\u017caj\u0105c bieg na 800 metr\u00f3w.<\/p>\n\n\n\n<p>Srebrne medale w swoich konkurencjach wywalczyli:Aleksandra Znajda 4B, w biegu na 1500 m, Joanna Hellbach (absolwentka 5F) w rzucie oszczepem, Oliwia Przywara 3F w biegu na 400m, oraz Jakub Tataruch 4A w biegu na 200 m. Br\u0105zowy medal w rzucie oszczepem wywalczy\u0142 Bartosz \u0141ukasik 4A.<\/p>\n\n\n\n<p>W lekkoatletycznych mistrzostwach nasz\u0105 szko\u0142\u0119 reprezentowali r\u00f3wnie\u017c:Laura Feliks 1F, Aleksandra Hornik 2A, Victoria Mazur 2D, Wiktoria Karpezo 3B, Nicole Fiedler 3D, Liliana Kami\u0144ska 3F, Karolina Marszo\u0142ek 4B, Bartosz Kusz 1F, Mateusz Pietruszka 1F, Piotr Tokarski 1F, Mateusz W\u00f3jcik 1F, Aleksander Ka\u0142u\u017ca 2D, Maksymilian Romanowski 2D, Oskar Peszko 3A, Szymon Konior 3B, Maciej Szambelan 3C, Bartosz Bojdak 3F, Szymon Czernik 3F, Marcin Kozubek 3F, Micha\u0142 Tudyka 3F.<\/p>\n\n\n\n<p>Serdecznie gratulujemy wszystkim zawodniczkom i zawodnikom za zaanga\u017cowanie, sportow\u0105 postaw\u0119, wol\u0119 walki oraz godne reprezentowanie szko\u0142y. Dziekujemy naszym absolwentom &#8211; Karolowi Czernikowi i Lukasowi Krumpietz za wsparcie i cenne wskaz\u00f3wki dla m\u0142odszych koleg\u00f3w.<\/p>\n\n\n\n<p>Opiekunami naszych uczni\u00f3w byli: Renata Peszko i Rafa\u0142 Krzyszta\u0142owicz<\/p>\n<\/div><!-- .vgblk-rw-wrapper -->","protected":false},"excerpt":{"rendered":"<p>28 maja 2026 roku na Stadionie im. Opolskich Olimpijczyk\u00f3w w Opolu nasi uczniowie, z sukcesami, rywalizowali w Mistrzostwach Miasta Opola w Lekkoatletyce. W zawodach zdobyli\u015bmy \u0142acznie 8 medali, a do kolejnych miejsc na podium zabrak\u0142o bardzo niewiele. Najwi\u0119kszy sukces odnios\u0142a Wiktoria Kalicun 4G, kt\u00f3ra zdoby\u0142a z\u0142oty medal w skoku wzwy\u017c oraz srebrny medal w tr\u00f3jskoku&#8230;.<\/p>\n","protected":false},"author":6,"featured_media":999219,"comment_status":"open","ping_status":"open","sticky":false,"template":"","format":"standard","meta":{"inline_featured_image":false},"categories":[134],"tags":[],"_links":{"self":[{"href":"http:\/\/ekonomik.opole.pl\/eko3\/wp-json\/wp\/v2\/posts\/999218"}],"collection":[{"href":"http:\/\/ekonomik.opole.pl\/eko3\/wp-json\/wp\/v2\/posts"}],"about":[{"href":"http:\/\/ekonomik.opole.pl\/eko3\/wp-json\/wp\/v2\/types\/post"}],"author":[{"embeddable":true,"href":"http:\/\/ekonomik.opole.pl\/eko3\/wp-json\/wp\/v2\/users\/6"}],"replies":[{"embeddable":true,"href":"http:\/\/ekonomik.opole.pl\/eko3\/wp-json\/wp\/v2\/comments?post=999218"}],"version-history":[{"count":1,"href":"http:\/\/ekonomik.opole.pl\/eko3\/wp-json\/wp\/v2\/posts\/999218\/revisions"}],"predecessor-version":[{"id":999220,"href":"http:\/\/ekonomik.opole.pl\/eko3\/wp-json\/wp\/v2\/posts\/999218\/revisions\/999220"}],"wp:featuredmedia":[{"embeddable":true,"href":"http:\/\/ekonomik.opole.pl\/eko3\/wp-json\/wp\/v2\/media\/999219"}],"wp:attachment":[{"href":"http:\/\/ekonomik.opole.pl\/eko3\/wp-json\/wp\/v2\/media?parent=999218"}],"wp:term":[{"taxonomy":"category","embeddable":true,"href":"http:\/\/ekonomik.opole.pl\/eko3\/wp-json\/wp\/v2\/categories?post=999218"},{"taxonomy":"post_tag","embeddable":true,"href":"http:\/\/ekonomik.opole.pl\/eko3\/wp-json\/wp\/v2\/tags?post=999218"}],"curies":[{"name":"wp","href":"https:\/\/api.w.org\/{rel}","templated":true}]}}