{"id":999230,"date":"2026-05-29T16:45:00","date_gmt":"2026-05-29T14:45:00","guid":{"rendered":"https:\/\/ekonomik.opole.pl\/eko3\/?p=999230"},"modified":"2026-06-01T23:13:44","modified_gmt":"2026-06-01T21:13:44","slug":"final-v-szkolnej-gieldy-roslin-doniczkowych","status":"publish","type":"post","link":"http:\/\/ekonomik.opole.pl\/eko3\/final-v-szkolnej-gieldy-roslin-doniczkowych\/","title":{"rendered":"Fina\u0142 V szkolnej gie\u0142dy ro\u015blin doniczkowych"},"content":{"rendered":"<div class=\"vgblk-rw-wrapper limit-wrapper\">\n<p>W dniu 26 maja uda\u0142o nam si\u0119 sprzeda\u0107 przyniesione przez Was ro\u015bliny. Zebrana przez nas kwota wynios\u0142a 1851,00 z\u0142. <\/p>\n\n\n\n<p>Jak zawsze pieni\u0105dze trafia na szczytny cel charytatywny.<\/p>\n\n\n\n<p>Dzi\u0119kujemy za nieocenion\u0105 pomoc szkolnemu koordynatorowi Katarzynie Tkocz oraz wsparciu z klasy 3D i s\u0142odki akcent z klasy 1 E. <\/p>\n\n\n\n<p>Wielkie podzi\u0119kowania dla Pani Izabeli Tkocz za zasponsorowane na kiermaszu kompozycje kwiatowe, flowerboxy czy r\u0119cznie robione figurki \u2013 uda\u0142o nam si\u0119 sprzeda\u0107 wszystkie z nich!\u00a0<\/p>\n\n\n\n<p>\u00a0Dzi\u0119kujemy!<\/p>\n\n\n\n<div style=\"height:32px\" aria-hidden=\"true\" class=\"wp-block-spacer\"><\/div>\n\n\n\n<figure class=\"wp-block-gallery columns-3 is-cropped\"><ul class=\"blocks-gallery-grid\"><li class=\"blocks-gallery-item\"><figure><a href=\"http:\/\/ekonomik.opole.pl\/eko3\/wp-content\/uploads\/2026\/06\/2.jpeg\"><img loading=\"lazy\" width=\"1024\" height=\"768\" src=\"http:\/\/ekonomik.opole.pl\/eko3\/wp-content\/uploads\/2026\/06\/2-1024x768.jpeg\" alt=\"\" data-id=\"999231\" data-full-url=\"http:\/\/ekonomik.opole.pl\/eko3\/wp-content\/uploads\/2026\/06\/2.jpeg\" data-link=\"https:\/\/ekonomik.opole.pl\/eko3\/?attachment_id=999231\" class=\"wp-image-999231\" srcset=\"http:\/\/ekonomik.opole.pl\/eko3\/wp-content\/uploads\/2026\/06\/2-1024x768.jpeg 1024w, http:\/\/ekonomik.opole.pl\/eko3\/wp-content\/uploads\/2026\/06\/2-300x225.jpeg 300w, http:\/\/ekonomik.opole.pl\/eko3\/wp-content\/uploads\/2026\/06\/2-768x576.jpeg 768w, http:\/\/ekonomik.opole.pl\/eko3\/wp-content\/uploads\/2026\/06\/2-1536x1152.jpeg 1536w, http:\/\/ekonomik.opole.pl\/eko3\/wp-content\/uploads\/2026\/06\/2-1360x1020.jpeg 1360w, http:\/\/ekonomik.opole.pl\/eko3\/wp-content\/uploads\/2026\/06\/2-680x510.jpeg 680w, http:\/\/ekonomik.opole.pl\/eko3\/wp-content\/uploads\/2026\/06\/2.jpeg 2048w\" sizes=\"(max-width: 1024px) 100vw, 1024px\" \/><\/a><\/figure><\/li><li class=\"blocks-gallery-item\"><figure><a href=\"http:\/\/ekonomik.opole.pl\/eko3\/wp-content\/uploads\/2026\/06\/4.jpeg\"><img loading=\"lazy\" width=\"1024\" height=\"576\" src=\"http:\/\/ekonomik.opole.pl\/eko3\/wp-content\/uploads\/2026\/06\/4-1024x576.jpeg\" alt=\"\" data-id=\"999233\" data-full-url=\"http:\/\/ekonomik.opole.pl\/eko3\/wp-content\/uploads\/2026\/06\/4.jpeg\" data-link=\"https:\/\/ekonomik.opole.pl\/eko3\/?attachment_id=999233\" class=\"wp-image-999233\" srcset=\"http:\/\/ekonomik.opole.pl\/eko3\/wp-content\/uploads\/2026\/06\/4-1024x576.jpeg 1024w, http:\/\/ekonomik.opole.pl\/eko3\/wp-content\/uploads\/2026\/06\/4-300x169.jpeg 300w, http:\/\/ekonomik.opole.pl\/eko3\/wp-content\/uploads\/2026\/06\/4-768x432.jpeg 768w, http:\/\/ekonomik.opole.pl\/eko3\/wp-content\/uploads\/2026\/06\/4-1536x864.jpeg 1536w, http:\/\/ekonomik.opole.pl\/eko3\/wp-content\/uploads\/2026\/06\/4-1360x765.jpeg 1360w, http:\/\/ekonomik.opole.pl\/eko3\/wp-content\/uploads\/2026\/06\/4-680x383.jpeg 680w, http:\/\/ekonomik.opole.pl\/eko3\/wp-content\/uploads\/2026\/06\/4.jpeg 2048w\" sizes=\"(max-width: 1024px) 100vw, 1024px\" \/><\/a><\/figure><\/li><li class=\"blocks-gallery-item\"><figure><a href=\"http:\/\/ekonomik.opole.pl\/eko3\/wp-content\/uploads\/2026\/06\/3.jpeg\"><img loading=\"lazy\" width=\"1024\" height=\"768\" src=\"http:\/\/ekonomik.opole.pl\/eko3\/wp-content\/uploads\/2026\/06\/3-1024x768.jpeg\" alt=\"\" data-id=\"999232\" data-full-url=\"http:\/\/ekonomik.opole.pl\/eko3\/wp-content\/uploads\/2026\/06\/3.jpeg\" data-link=\"https:\/\/ekonomik.opole.pl\/eko3\/?attachment_id=999232\" class=\"wp-image-999232\" srcset=\"http:\/\/ekonomik.opole.pl\/eko3\/wp-content\/uploads\/2026\/06\/3-1024x768.jpeg 1024w, http:\/\/ekonomik.opole.pl\/eko3\/wp-content\/uploads\/2026\/06\/3-300x225.jpeg 300w, http:\/\/ekonomik.opole.pl\/eko3\/wp-content\/uploads\/2026\/06\/3-768x576.jpeg 768w, http:\/\/ekonomik.opole.pl\/eko3\/wp-content\/uploads\/2026\/06\/3-1536x1152.jpeg 1536w, http:\/\/ekonomik.opole.pl\/eko3\/wp-content\/uploads\/2026\/06\/3-1360x1020.jpeg 1360w, http:\/\/ekonomik.opole.pl\/eko3\/wp-content\/uploads\/2026\/06\/3-680x510.jpeg 680w, http:\/\/ekonomik.opole.pl\/eko3\/wp-content\/uploads\/2026\/06\/3.jpeg 2048w\" sizes=\"(max-width: 1024px) 100vw, 1024px\" \/><\/a><\/figure><\/li><\/ul><\/figure>\n<\/div><!-- .vgblk-rw-wrapper -->","protected":false},"excerpt":{"rendered":"<p>W dniu 26 maja uda\u0142o nam si\u0119 sprzeda\u0107 przyniesione przez Was ro\u015bliny. Zebrana przez nas kwota wynios\u0142a 1851,00 z\u0142. Jak zawsze pieni\u0105dze trafia na szczytny cel charytatywny. Dzi\u0119kujemy za nieocenion\u0105 pomoc szkolnemu koordynatorowi Katarzynie Tkocz oraz wsparciu z klasy 3D i s\u0142odki akcent z klasy 1 E. Wielkie podzi\u0119kowania dla Pani Izabeli Tkocz za zasponsorowane&#8230;<\/p>\n","protected":false},"author":6,"featured_media":999234,"comment_status":"open","ping_status":"open","sticky":false,"template":"","format":"standard","meta":{"inline_featured_image":false},"categories":[296],"tags":[],"_links":{"self":[{"href":"http:\/\/ekonomik.opole.pl\/eko3\/wp-json\/wp\/v2\/posts\/999230"}],"collection":[{"href":"http:\/\/ekonomik.opole.pl\/eko3\/wp-json\/wp\/v2\/posts"}],"about":[{"href":"http:\/\/ekonomik.opole.pl\/eko3\/wp-json\/wp\/v2\/types\/post"}],"author":[{"embeddable":true,"href":"http:\/\/ekonomik.opole.pl\/eko3\/wp-json\/wp\/v2\/users\/6"}],"replies":[{"embeddable":true,"href":"http:\/\/ekonomik.opole.pl\/eko3\/wp-json\/wp\/v2\/comments?post=999230"}],"version-history":[{"count":1,"href":"http:\/\/ekonomik.opole.pl\/eko3\/wp-json\/wp\/v2\/posts\/999230\/revisions"}],"predecessor-version":[{"id":999235,"href":"http:\/\/ekonomik.opole.pl\/eko3\/wp-json\/wp\/v2\/posts\/999230\/revisions\/999235"}],"wp:featuredmedia":[{"embeddable":true,"href":"http:\/\/ekonomik.opole.pl\/eko3\/wp-json\/wp\/v2\/media\/999234"}],"wp:attachment":[{"href":"http:\/\/ekonomik.opole.pl\/eko3\/wp-json\/wp\/v2\/media?parent=999230"}],"wp:term":[{"taxonomy":"category","embeddable":true,"href":"http:\/\/ekonomik.opole.pl\/eko3\/wp-json\/wp\/v2\/categories?post=999230"},{"taxonomy":"post_tag","embeddable":true,"href":"http:\/\/ekonomik.opole.pl\/eko3\/wp-json\/wp\/v2\/tags?post=999230"}],"curies":[{"name":"wp","href":"https:\/\/api.w.org\/{rel}","templated":true}]}}