{"id":999248,"date":"2026-02-09T12:15:00","date_gmt":"2026-02-09T11:15:00","guid":{"rendered":"https:\/\/ekonomik.opole.pl\/eko3\/?p=999248"},"modified":"2026-06-01T23:32:47","modified_gmt":"2026-06-01T21:32:47","slug":"bolonia-inspiruje-nauczyciele-ekonomika-rozwijaja-kompetencje-przyszlosci","status":"publish","type":"post","link":"http:\/\/ekonomik.opole.pl\/eko3\/bolonia-inspiruje-nauczyciele-ekonomika-rozwijaja-kompetencje-przyszlosci\/","title":{"rendered":"Bolonia inspiruje \u2013 nauczyciele Ekonomika rozwijaj\u0105 kompetencje przysz\u0142o\u015bci"},"content":{"rendered":"<div class=\"vgblk-rw-wrapper limit-wrapper\">\n<p>W dniach 1\u20137 lutego 2026 roku troje nauczycieli Ekonomika: Ewa Nowak- Kubler, Ma\u0142gorzata Kochanowska i Beata Nowak uczestniczy\u0142o w szkoleniu pt. \u201eChat GPT i sztuczna inteligencja\u201d w Bolonii we W\u0142oszech. Wyjazd ten by\u0142 nie tylko okazj\u0105 do podnoszenia kwalifikacji zawodowych, ale r\u00f3wnie\u017c niezwykle warto\u015bciowym do\u015bwiadczeniem kulturowym.<\/p>\n\n\n\n<p>G\u0142\u00f3wnym celem naszego pobytu by\u0142o uczestnictwo w kursie pt. \u201eChat GPT i sztuczna inteligencja\u201d, podczas kt\u00f3rego rozwija\u0142y\u015bmy swoje kompetencje w zakresie wykorzystania sztucznej inteligencji w edukacji. Szkolenie pozwoli\u0142o nam poszerzy\u0107 wiedz\u0119 na temat nowoczesnych narz\u0119dzi dydaktycznych, skutecznego formu\u0142owania polece\u0144 (prompt\u00f3w), etycznych aspekt\u00f3w AI oraz nowych metod oceniania w erze cyfrowej. Zdobyte umiej\u0119tno\u015bci z pewno\u015bci\u0105 wykorzystamy w naszej codziennej pracy z uczniami, wzbogacaj\u0105c proces nauczania o innowacyjne i anga\u017cuj\u0105ce rozwi\u0105zania. Bolonia okaza\u0142a si\u0119 jednak nie tylko miejscem intensywnej nauki, lecz tak\u017ce miastem o niezwyk\u0142ej historii, architekturze i atmosferze. W wolnym czasie mia\u0142y\u015bmy okazj\u0119 zwiedzi\u0107 najwa\u017cniejsze zabytki miasta, podziwia\u0107 charakterystyczne arkady oraz poczu\u0107 wyj\u0105tkowy klimat tego uniwersyteckiego o\u015brodka. Spacerowa\u0142y\u015bmy urokliwymi uliczkami, odwiedzi\u0142y\u015bmy historyczne place i mog\u0142y\u015bmy z bliska zobaczy\u0107, jak bogate dziedzictwo \u0142\u0105czy si\u0119 tu z codziennym \u017cyciem mieszka\u0144c\u00f3w. Nieod\u0142\u0105cznym elementem naszego pobytu by\u0142o r\u00f3wnie\u017c poznawanie kultury i tradycji w\u0142oskich, w tym \u2013 co szczeg\u00f3lnie zapad\u0142o nam w pami\u0119\u0107 \u2013 lokalnej kuchni. Bolonia, nazywana kulinarn\u0105 stolic\u0105 W\u0142och, zachwyci\u0142a nas autentycznymi smakami. Mia\u0142y\u015bmy okazj\u0119 spr\u00f3bowa\u0107 tradycyjnych da\u0144 regionu Emilia-Romania, takich jak \u015bwie\u017ce makarony, tortellini czy rag\u00f9 alla bolognese, a tak\u017ce lokalnych ser\u00f3w, deser\u00f3w i w\u0142oskich lod\u00f3w. Wsp\u00f3lne posi\u0142ki by\u0142y nie tylko uczt\u0105 dla podniebienia, ale tak\u017ce okazj\u0105 do rozm\u00f3w, integracji i lepszego zrozumienia w\u0142oskiej kultury.<\/p>\n\n\n\n<p>Wyjazd do Bolonii by\u0142 dla nas czasem intensywnego rozwoju zawodowego, ale tak\u017ce inspiruj\u0105c\u0105 podr\u00f3\u017c\u0105 kulturow\u0105. Po\u0142\u0105czenie szkolenia, zwiedzania oraz poznawania lokalnych tradycji sprawi\u0142o, \u017ce wr\u00f3ci\u0142y\u015bmy bogatsze nie tylko o now\u0105 wiedz\u0119, lecz r\u00f3wnie\u017c o cenne do\u015bwiadczenia i wspomnienia.<\/p>\n\n\n\n<div style=\"height:27px\" aria-hidden=\"true\" class=\"wp-block-spacer\"><\/div>\n\n\n\n<figure class=\"wp-block-gallery columns-4 is-cropped\"><ul class=\"blocks-gallery-grid\"><li class=\"blocks-gallery-item\"><figure><a href=\"http:\/\/ekonomik.opole.pl\/eko3\/wp-content\/uploads\/2026\/06\/IMG-20260206-WA0025.jpg\"><img loading=\"lazy\" width=\"1024\" height=\"768\" src=\"http:\/\/ekonomik.opole.pl\/eko3\/wp-content\/uploads\/2026\/06\/IMG-20260206-WA0025-1024x768.jpg\" alt=\"\" data-id=\"999242\" data-full-url=\"http:\/\/ekonomik.opole.pl\/eko3\/wp-content\/uploads\/2026\/06\/IMG-20260206-WA0025.jpg\" data-link=\"https:\/\/ekonomik.opole.pl\/eko3\/img-20260206-wa0025\/\" class=\"wp-image-999242\" srcset=\"http:\/\/ekonomik.opole.pl\/eko3\/wp-content\/uploads\/2026\/06\/IMG-20260206-WA0025-1024x768.jpg 1024w, http:\/\/ekonomik.opole.pl\/eko3\/wp-content\/uploads\/2026\/06\/IMG-20260206-WA0025-300x225.jpg 300w, http:\/\/ekonomik.opole.pl\/eko3\/wp-content\/uploads\/2026\/06\/IMG-20260206-WA0025-768x576.jpg 768w, http:\/\/ekonomik.opole.pl\/eko3\/wp-content\/uploads\/2026\/06\/IMG-20260206-WA0025-1536x1152.jpg 1536w, http:\/\/ekonomik.opole.pl\/eko3\/wp-content\/uploads\/2026\/06\/IMG-20260206-WA0025-1360x1020.jpg 1360w, http:\/\/ekonomik.opole.pl\/eko3\/wp-content\/uploads\/2026\/06\/IMG-20260206-WA0025-680x510.jpg 680w, http:\/\/ekonomik.opole.pl\/eko3\/wp-content\/uploads\/2026\/06\/IMG-20260206-WA0025.jpg 1920w\" sizes=\"(max-width: 1024px) 100vw, 1024px\" \/><\/a><\/figure><\/li><li class=\"blocks-gallery-item\"><figure><a href=\"http:\/\/ekonomik.opole.pl\/eko3\/wp-content\/uploads\/2026\/06\/IMG-20260207-WA0047.jpg\"><img loading=\"lazy\" width=\"1024\" height=\"768\" src=\"http:\/\/ekonomik.opole.pl\/eko3\/wp-content\/uploads\/2026\/06\/IMG-20260207-WA0047-1024x768.jpg\" alt=\"\" data-id=\"999244\" data-full-url=\"http:\/\/ekonomik.opole.pl\/eko3\/wp-content\/uploads\/2026\/06\/IMG-20260207-WA0047.jpg\" data-link=\"https:\/\/ekonomik.opole.pl\/eko3\/img-20260207-wa0047\/\" class=\"wp-image-999244\" srcset=\"http:\/\/ekonomik.opole.pl\/eko3\/wp-content\/uploads\/2026\/06\/IMG-20260207-WA0047-1024x768.jpg 1024w, http:\/\/ekonomik.opole.pl\/eko3\/wp-content\/uploads\/2026\/06\/IMG-20260207-WA0047-300x225.jpg 300w, http:\/\/ekonomik.opole.pl\/eko3\/wp-content\/uploads\/2026\/06\/IMG-20260207-WA0047-768x576.jpg 768w, http:\/\/ekonomik.opole.pl\/eko3\/wp-content\/uploads\/2026\/06\/IMG-20260207-WA0047-1536x1152.jpg 1536w, http:\/\/ekonomik.opole.pl\/eko3\/wp-content\/uploads\/2026\/06\/IMG-20260207-WA0047-1360x1020.jpg 1360w, http:\/\/ekonomik.opole.pl\/eko3\/wp-content\/uploads\/2026\/06\/IMG-20260207-WA0047-680x510.jpg 680w, http:\/\/ekonomik.opole.pl\/eko3\/wp-content\/uploads\/2026\/06\/IMG-20260207-WA0047.jpg 2048w\" sizes=\"(max-width: 1024px) 100vw, 1024px\" \/><\/a><\/figure><\/li><li class=\"blocks-gallery-item\"><figure><a href=\"http:\/\/ekonomik.opole.pl\/eko3\/wp-content\/uploads\/2026\/06\/IMG-20260204-WA0004.jpg\"><img loading=\"lazy\" width=\"768\" height=\"1024\" src=\"http:\/\/ekonomik.opole.pl\/eko3\/wp-content\/uploads\/2026\/06\/IMG-20260204-WA0004-768x1024.jpg\" alt=\"\" data-id=\"999240\" data-full-url=\"http:\/\/ekonomik.opole.pl\/eko3\/wp-content\/uploads\/2026\/06\/IMG-20260204-WA0004.jpg\" data-link=\"https:\/\/ekonomik.opole.pl\/eko3\/img-20260204-wa0004\/\" class=\"wp-image-999240\" srcset=\"http:\/\/ekonomik.opole.pl\/eko3\/wp-content\/uploads\/2026\/06\/IMG-20260204-WA0004-768x1024.jpg 768w, http:\/\/ekonomik.opole.pl\/eko3\/wp-content\/uploads\/2026\/06\/IMG-20260204-WA0004-225x300.jpg 225w, http:\/\/ekonomik.opole.pl\/eko3\/wp-content\/uploads\/2026\/06\/IMG-20260204-WA0004-1152x1536.jpg 1152w, http:\/\/ekonomik.opole.pl\/eko3\/wp-content\/uploads\/2026\/06\/IMG-20260204-WA0004-680x907.jpg 680w, http:\/\/ekonomik.opole.pl\/eko3\/wp-content\/uploads\/2026\/06\/IMG-20260204-WA0004.jpg 1200w\" sizes=\"(max-width: 768px) 100vw, 768px\" \/><\/a><\/figure><\/li><li class=\"blocks-gallery-item\"><figure><a href=\"http:\/\/ekonomik.opole.pl\/eko3\/wp-content\/uploads\/2026\/06\/IMG-20260207-WA0045.jpg\"><img loading=\"lazy\" width=\"1024\" height=\"768\" src=\"http:\/\/ekonomik.opole.pl\/eko3\/wp-content\/uploads\/2026\/06\/IMG-20260207-WA0045-1024x768.jpg\" alt=\"\" data-id=\"999243\" data-full-url=\"http:\/\/ekonomik.opole.pl\/eko3\/wp-content\/uploads\/2026\/06\/IMG-20260207-WA0045.jpg\" data-link=\"https:\/\/ekonomik.opole.pl\/eko3\/img-20260207-wa0045\/\" class=\"wp-image-999243\" srcset=\"http:\/\/ekonomik.opole.pl\/eko3\/wp-content\/uploads\/2026\/06\/IMG-20260207-WA0045-1024x768.jpg 1024w, http:\/\/ekonomik.opole.pl\/eko3\/wp-content\/uploads\/2026\/06\/IMG-20260207-WA0045-300x225.jpg 300w, http:\/\/ekonomik.opole.pl\/eko3\/wp-content\/uploads\/2026\/06\/IMG-20260207-WA0045-768x576.jpg 768w, http:\/\/ekonomik.opole.pl\/eko3\/wp-content\/uploads\/2026\/06\/IMG-20260207-WA0045-1536x1152.jpg 1536w, http:\/\/ekonomik.opole.pl\/eko3\/wp-content\/uploads\/2026\/06\/IMG-20260207-WA0045-1360x1020.jpg 1360w, http:\/\/ekonomik.opole.pl\/eko3\/wp-content\/uploads\/2026\/06\/IMG-20260207-WA0045-680x510.jpg 680w, http:\/\/ekonomik.opole.pl\/eko3\/wp-content\/uploads\/2026\/06\/IMG-20260207-WA0045.jpg 2048w\" sizes=\"(max-width: 1024px) 100vw, 1024px\" \/><\/a><\/figure><\/li><\/ul><\/figure>\n<\/div><!-- .vgblk-rw-wrapper -->","protected":false},"excerpt":{"rendered":"<p>W dniach 1\u20137 lutego 2026 roku troje nauczycieli Ekonomika: Ewa Nowak- Kubler, Ma\u0142gorzata Kochanowska i Beata Nowak uczestniczy\u0142o w szkoleniu pt. \u201eChat GPT i sztuczna inteligencja\u201d w Bolonii we W\u0142oszech. Wyjazd ten by\u0142 nie tylko okazj\u0105 do podnoszenia kwalifikacji zawodowych, ale r\u00f3wnie\u017c niezwykle warto\u015bciowym do\u015bwiadczeniem kulturowym. G\u0142\u00f3wnym celem naszego pobytu by\u0142o uczestnictwo w kursie pt&#8230;.<\/p>\n","protected":false},"author":6,"featured_media":999241,"comment_status":"open","ping_status":"open","sticky":false,"template":"","format":"standard","meta":{"inline_featured_image":false},"categories":[104],"tags":[],"_links":{"self":[{"href":"http:\/\/ekonomik.opole.pl\/eko3\/wp-json\/wp\/v2\/posts\/999248"}],"collection":[{"href":"http:\/\/ekonomik.opole.pl\/eko3\/wp-json\/wp\/v2\/posts"}],"about":[{"href":"http:\/\/ekonomik.opole.pl\/eko3\/wp-json\/wp\/v2\/types\/post"}],"author":[{"embeddable":true,"href":"http:\/\/ekonomik.opole.pl\/eko3\/wp-json\/wp\/v2\/users\/6"}],"replies":[{"embeddable":true,"href":"http:\/\/ekonomik.opole.pl\/eko3\/wp-json\/wp\/v2\/comments?post=999248"}],"version-history":[{"count":1,"href":"http:\/\/ekonomik.opole.pl\/eko3\/wp-json\/wp\/v2\/posts\/999248\/revisions"}],"predecessor-version":[{"id":999249,"href":"http:\/\/ekonomik.opole.pl\/eko3\/wp-json\/wp\/v2\/posts\/999248\/revisions\/999249"}],"wp:featuredmedia":[{"embeddable":true,"href":"http:\/\/ekonomik.opole.pl\/eko3\/wp-json\/wp\/v2\/media\/999241"}],"wp:attachment":[{"href":"http:\/\/ekonomik.opole.pl\/eko3\/wp-json\/wp\/v2\/media?parent=999248"}],"wp:term":[{"taxonomy":"category","embeddable":true,"href":"http:\/\/ekonomik.opole.pl\/eko3\/wp-json\/wp\/v2\/categories?post=999248"},{"taxonomy":"post_tag","embeddable":true,"href":"http:\/\/ekonomik.opole.pl\/eko3\/wp-json\/wp\/v2\/tags?post=999248"}],"curies":[{"name":"wp","href":"https:\/\/api.w.org\/{rel}","templated":true}]}}