{"id":999260,"date":"2026-06-09T10:32:43","date_gmt":"2026-06-09T08:32:43","guid":{"rendered":"https:\/\/ekonomik.opole.pl\/eko3\/?p=999260"},"modified":"2026-06-09T10:32:44","modified_gmt":"2026-06-09T08:32:44","slug":"%ef%bb%bfnasz-uczen-w-finale-programu-inzynierowie-przyszlosci","status":"publish","type":"post","link":"http:\/\/ekonomik.opole.pl\/eko3\/%ef%bb%bfnasz-uczen-w-finale-programu-inzynierowie-przyszlosci\/","title":{"rendered":"\ufeffNasz ucze\u0144 w finale programu \u201eIn\u017cynierowie Przysz\u0142o\u015bci\u201d"},"content":{"rendered":"<div class=\"vgblk-rw-wrapper limit-wrapper\">\n<p>Remigiusz \u0141ukasik znalaz\u0142 si\u0119 w gronie 20 finalist\u00f3w III edycji og\u00f3lnopolskiego programu \u201eIn\u017cynierowie Przysz\u0142o\u015bci\u201d, organizowanego przez Fundacj\u0119 ORLEN im. Ignacego \u0141ukasiewicza.<\/p>\n\n\n\n<p><br>Remigiusz prezentujeprojekt \u201eAutomatyczna segregacja odpad\u00f3w z wykorzystaniem modelu YOLOv11 i urz\u0105dze\u0144 typu Edge\u201d, \u0142\u0105cz\u0105cy detekcj\u0119 obiekt\u00f3w w czasie rzeczywistym z przetwarzaniem na urz\u0105dzeniach brzegowych (Edge). Fina\u0142 odbywa si\u0119 podczas III Og\u00f3lnopolskiej Konferencji Naukowej Szk\u00f3\u0142 Ponadpodstawowych w Muzeum Gazowni Warszawskiej w Warszawie (9\u201310 czerwca 2026 r.). Konkurs wci\u0105\u017c trwa \u2014 na wyniki czekamy.<\/p>\n\n\n\n<p><br>Opiekun merytoryczny projektu: dr in\u017c. Piotr Dzierwa.<\/p>\n\n\n\n<p><br>Trzymamy kciuki za Remigiusza!<\/p>\n\n\n\n<div style=\"height:34px\" aria-hidden=\"true\" class=\"wp-block-spacer\"><\/div>\n\n\n\n<figure class=\"wp-block-gallery columns-2 is-cropped\"><ul class=\"blocks-gallery-grid\"><li class=\"blocks-gallery-item\"><figure><a href=\"http:\/\/ekonomik.opole.pl\/eko3\/wp-content\/uploads\/2026\/06\/image1-scaled.jpeg\"><img loading=\"lazy\" width=\"726\" height=\"1024\" src=\"http:\/\/ekonomik.opole.pl\/eko3\/wp-content\/uploads\/2026\/06\/image1-726x1024.jpeg\" alt=\"\" data-id=\"999262\" data-full-url=\"http:\/\/ekonomik.opole.pl\/eko3\/wp-content\/uploads\/2026\/06\/image1-scaled.jpeg\" data-link=\"https:\/\/ekonomik.opole.pl\/eko3\/?attachment_id=999262\" class=\"wp-image-999262\" srcset=\"http:\/\/ekonomik.opole.pl\/eko3\/wp-content\/uploads\/2026\/06\/image1-726x1024.jpeg 726w, http:\/\/ekonomik.opole.pl\/eko3\/wp-content\/uploads\/2026\/06\/image1-213x300.jpeg 213w, http:\/\/ekonomik.opole.pl\/eko3\/wp-content\/uploads\/2026\/06\/image1-768x1083.jpeg 768w, http:\/\/ekonomik.opole.pl\/eko3\/wp-content\/uploads\/2026\/06\/image1-1089x1536.jpeg 1089w, http:\/\/ekonomik.opole.pl\/eko3\/wp-content\/uploads\/2026\/06\/image1-1452x2048.jpeg 1452w, http:\/\/ekonomik.opole.pl\/eko3\/wp-content\/uploads\/2026\/06\/image1-1360x1918.jpeg 1360w, http:\/\/ekonomik.opole.pl\/eko3\/wp-content\/uploads\/2026\/06\/image1-680x959.jpeg 680w, http:\/\/ekonomik.opole.pl\/eko3\/wp-content\/uploads\/2026\/06\/image1-scaled.jpeg 1815w\" sizes=\"(max-width: 726px) 100vw, 726px\" \/><\/a><\/figure><\/li><li class=\"blocks-gallery-item\"><figure><a href=\"http:\/\/ekonomik.opole.pl\/eko3\/wp-content\/uploads\/2026\/06\/image0-scaled.jpeg\"><img loading=\"lazy\" width=\"678\" height=\"1024\" src=\"http:\/\/ekonomik.opole.pl\/eko3\/wp-content\/uploads\/2026\/06\/image0-678x1024.jpeg\" alt=\"\" data-id=\"999261\" data-full-url=\"http:\/\/ekonomik.opole.pl\/eko3\/wp-content\/uploads\/2026\/06\/image0-scaled.jpeg\" data-link=\"https:\/\/ekonomik.opole.pl\/eko3\/?attachment_id=999261\" class=\"wp-image-999261\" srcset=\"http:\/\/ekonomik.opole.pl\/eko3\/wp-content\/uploads\/2026\/06\/image0-678x1024.jpeg 678w, http:\/\/ekonomik.opole.pl\/eko3\/wp-content\/uploads\/2026\/06\/image0-199x300.jpeg 199w, http:\/\/ekonomik.opole.pl\/eko3\/wp-content\/uploads\/2026\/06\/image0-768x1160.jpeg 768w, http:\/\/ekonomik.opole.pl\/eko3\/wp-content\/uploads\/2026\/06\/image0-1017x1536.jpeg 1017w, http:\/\/ekonomik.opole.pl\/eko3\/wp-content\/uploads\/2026\/06\/image0-1356x2048.jpeg 1356w, http:\/\/ekonomik.opole.pl\/eko3\/wp-content\/uploads\/2026\/06\/image0-1360x2054.jpeg 1360w, http:\/\/ekonomik.opole.pl\/eko3\/wp-content\/uploads\/2026\/06\/image0-680x1027.jpeg 680w, http:\/\/ekonomik.opole.pl\/eko3\/wp-content\/uploads\/2026\/06\/image0-scaled.jpeg 1695w\" sizes=\"(max-width: 678px) 100vw, 678px\" \/><\/a><\/figure><\/li><\/ul><\/figure>\n<\/div><!-- .vgblk-rw-wrapper -->","protected":false},"excerpt":{"rendered":"<p>Remigiusz \u0141ukasik znalaz\u0142 si\u0119 w gronie 20 finalist\u00f3w III edycji og\u00f3lnopolskiego programu \u201eIn\u017cynierowie Przysz\u0142o\u015bci\u201d, organizowanego przez Fundacj\u0119 ORLEN im. Ignacego \u0141ukasiewicza. Remigiusz prezentujeprojekt \u201eAutomatyczna segregacja odpad\u00f3w z wykorzystaniem modelu YOLOv11 i urz\u0105dze\u0144 typu Edge\u201d, \u0142\u0105cz\u0105cy detekcj\u0119 obiekt\u00f3w w czasie rzeczywistym z przetwarzaniem na urz\u0105dzeniach brzegowych (Edge). Fina\u0142 odbywa si\u0119 podczas III Og\u00f3lnopolskiej Konferencji Naukowej Szk\u00f3\u0142&#8230;<\/p>\n","protected":false},"author":6,"featured_media":999263,"comment_status":"open","ping_status":"open","sticky":false,"template":"","format":"standard","meta":{"inline_featured_image":false},"categories":[186],"tags":[],"_links":{"self":[{"href":"http:\/\/ekonomik.opole.pl\/eko3\/wp-json\/wp\/v2\/posts\/999260"}],"collection":[{"href":"http:\/\/ekonomik.opole.pl\/eko3\/wp-json\/wp\/v2\/posts"}],"about":[{"href":"http:\/\/ekonomik.opole.pl\/eko3\/wp-json\/wp\/v2\/types\/post"}],"author":[{"embeddable":true,"href":"http:\/\/ekonomik.opole.pl\/eko3\/wp-json\/wp\/v2\/users\/6"}],"replies":[{"embeddable":true,"href":"http:\/\/ekonomik.opole.pl\/eko3\/wp-json\/wp\/v2\/comments?post=999260"}],"version-history":[{"count":1,"href":"http:\/\/ekonomik.opole.pl\/eko3\/wp-json\/wp\/v2\/posts\/999260\/revisions"}],"predecessor-version":[{"id":999264,"href":"http:\/\/ekonomik.opole.pl\/eko3\/wp-json\/wp\/v2\/posts\/999260\/revisions\/999264"}],"wp:featuredmedia":[{"embeddable":true,"href":"http:\/\/ekonomik.opole.pl\/eko3\/wp-json\/wp\/v2\/media\/999263"}],"wp:attachment":[{"href":"http:\/\/ekonomik.opole.pl\/eko3\/wp-json\/wp\/v2\/media?parent=999260"}],"wp:term":[{"taxonomy":"category","embeddable":true,"href":"http:\/\/ekonomik.opole.pl\/eko3\/wp-json\/wp\/v2\/categories?post=999260"},{"taxonomy":"post_tag","embeddable":true,"href":"http:\/\/ekonomik.opole.pl\/eko3\/wp-json\/wp\/v2\/tags?post=999260"}],"curies":[{"name":"wp","href":"https:\/\/api.w.org\/{rel}","templated":true}]}}