{"id":999297,"date":"2026-06-11T19:14:33","date_gmt":"2026-06-11T17:14:33","guid":{"rendered":"https:\/\/ekonomik.opole.pl\/eko3\/?p=999297"},"modified":"2026-06-11T19:17:20","modified_gmt":"2026-06-11T17:17:20","slug":"nagroda-prymus-opolszczyzny-nabor-wnioskow","status":"publish","type":"post","link":"http:\/\/ekonomik.opole.pl\/eko3\/nagroda-prymus-opolszczyzny-nabor-wnioskow\/","title":{"rendered":"Nagroda Prymus Opolszczyzny &#8211; nab\u00f3r wniosk\u00f3w"},"content":{"rendered":"<div class=\"vgblk-rw-wrapper limit-wrapper\">\n<p><strong>Nagroda Prymus Opolszczyzny<\/strong> w kategorii WIEDZA przyznawana jest uczniom i uczennicom publicznych oraz niepublicznych szk\u00f3\u0142 ponadpodstawowych, kt\u00f3rzy spe\u0142niaj\u0105 \u0142\u0105cznie nast\u0119puj\u0105ce warunki: ( obowi\u0105zkowe kryterium wskazane w lit. a oraz \u2013 co najmniej jedno z kryteri\u00f3w okre\u015blonych w lit. b, z wy\u0142\u0105czeniem osi\u0105gni\u0119\u0107 artystycznych i sportowych):<\/p>\n\n\n\n<p>a) uzyskanie w danym roku szkolnym \u015bredniej ocen co najmniej 4,80;<\/p>\n\n\n\n<p>b) uzyskanie w danym roku szkolnym co najmniej jednego z nast\u0119puj\u0105cych tytu\u0142\u00f3w:<\/p>\n\n\n\n<p>i. zdobywcy miejsca 1\u20135 lub finalisty, laureata mi\u0119dzynarodowych olimpiad, konkurs\u00f3w lub turniej\u00f3w wiedzy i tematycznych,<\/p>\n\n\n\n<p>ii. laureata lub zdobywcy jednego z trzech pierwszych miejsc w og\u00f3lnopolskich konkursach, olimpiadach lub turniejach wiedzy i tematycznych,<\/p>\n\n\n\n<p>iii. laureata lub finalisty olimpiad przedmiotowych zwalniaj\u0105cych z egzaminu maturalnego z danego przedmiotu,<\/p>\n\n\n\n<p>iv. laureata lub finalisty olimpiad tematycznych zwalniaj\u0105cych z cz\u0119\u015bci pisemnej egzaminu zawodowego,<\/p>\n\n\n\n<p>v. laureata lub finalisty interdyscyplinarnych, przedmiotowych lub tematycznych olimpiad, konkurs\u00f3w, turniej\u00f3w, kt\u00f3re nie daj\u0105 uprawnie\u0144 w systemie egzaminacyjnym.<\/p>\n\n\n\n<p><strong>Wnioski o Nagrod\u0119 Prymus Opolszczyzny w kategorii Wiedza nale\u017cy sk\u0142ada\u0107 w terminie 26 czerwca do 10 lipca 2026r. w jednej z ni\u017cej wymienionych form:<\/strong><\/p>\n\n\n\n<ul><li>osobi\u015bcie w sekretariacie Departamentu Edukacji i Rynku Pracy Urz\u0119du Marsza\u0142kowskiego Wojew\u00f3dztwa Opolskiego: ul. Ozimska 19, 45-057 Opole, tel. kontaktowy: 77\/4445544\/547; mail kontaktowy: dep@opolskie.pl<\/li><li>osobi\u015bcie w Kancelarii Og\u00f3lnej Urz\u0119du Marsza\u0142kowskiego Wojew\u00f3dztwa Opolskiego: ul. Hallera 9 lub w Punkcie Informacyjnym przy ul. Ostr\u00f3wek 5 w Opolu,<\/li><li>w polskiej plac\u00f3wce pocztowej operatora wyznaczonego w rozumieniu ustawy z dnia 23 listopada 2012 roku \u2013 Prawo pocztowe \u2013 nadanie przesy\u0142ki poleconej na adres Urz\u0119du Marsza\u0142kowskiego Wojew\u00f3dztwa Opolskiego,<\/li><li>za pomoc\u0105 dor\u0119cze\u0144 elektronicznych: AE: PL-66703-73759-IGTUV-14.<\/li><li>Regulamin oraz wniosek znajduj\u0105 si\u0119 w za\u0142\u0105czniku oraz na stronie internetowej Urz\u0119du Marsza\u0142kowskiego Wojew\u00f3dztwa Opolskiego: www.opolskie.pl<\/li><\/ul>\n\n\n\n<div style=\"height:40px\" aria-hidden=\"true\" class=\"wp-block-spacer\"><\/div>\n\n\n\n<p><strong>Za\u0142\u0105czniki:<\/strong><\/p>\n\n\n\n<div class=\"wp-block-buttons\"><div class=\"vgblk-rw-wrapper limit-wrapper\">\n<div class=\"wp-block-button\"><a class=\"wp-block-button__link has-white-color has-luminous-vivid-orange-background-color has-text-color has-background\" href=\"https:\/\/ekonomik.opole.pl\/dokumenty\/prymus_2026\/regulamin_prymus.pdf\" target=\"_blank\" rel=\"noreferrer noopener\">Regulamin &#8211; Prymus Opolszczyzny<\/a><\/div>\n<\/div><!-- .vgblk-rw-wrapper --><\/div>\n\n\n\n<div class=\"wp-block-buttons\"><div class=\"vgblk-rw-wrapper limit-wrapper\">\n<div class=\"wp-block-button\"><a class=\"wp-block-button__link has-white-color has-luminous-vivid-orange-background-color has-text-color has-background\" href=\"https:\/\/ekonomik.opole.pl\/dokumenty\/prymus_2026\/wniosek_prymus_wiedza.doc\" target=\"_blank\" rel=\"noreferrer noopener\">Wniosek w kategorii Wiedza<\/a><\/div>\n<\/div><!-- .vgblk-rw-wrapper --><\/div>\n<\/div><!-- .vgblk-rw-wrapper -->","protected":false},"excerpt":{"rendered":"<p>Nagroda Prymus Opolszczyzny w kategorii WIEDZA przyznawana jest uczniom i uczennicom publicznych oraz niepublicznych szk\u00f3\u0142 ponadpodstawowych, kt\u00f3rzy spe\u0142niaj\u0105 \u0142\u0105cznie nast\u0119puj\u0105ce warunki: ( obowi\u0105zkowe kryterium wskazane w lit. a oraz \u2013 co najmniej jedno z kryteri\u00f3w okre\u015blonych w lit. b, z wy\u0142\u0105czeniem osi\u0105gni\u0119\u0107 artystycznych i sportowych): a) uzyskanie w danym roku szkolnym \u015bredniej ocen co najmniej&#8230;<\/p>\n","protected":false},"author":6,"featured_media":992902,"comment_status":"open","ping_status":"open","sticky":false,"template":"","format":"standard","meta":{"inline_featured_image":false},"categories":[322,186],"tags":[],"_links":{"self":[{"href":"http:\/\/ekonomik.opole.pl\/eko3\/wp-json\/wp\/v2\/posts\/999297"}],"collection":[{"href":"http:\/\/ekonomik.opole.pl\/eko3\/wp-json\/wp\/v2\/posts"}],"about":[{"href":"http:\/\/ekonomik.opole.pl\/eko3\/wp-json\/wp\/v2\/types\/post"}],"author":[{"embeddable":true,"href":"http:\/\/ekonomik.opole.pl\/eko3\/wp-json\/wp\/v2\/users\/6"}],"replies":[{"embeddable":true,"href":"http:\/\/ekonomik.opole.pl\/eko3\/wp-json\/wp\/v2\/comments?post=999297"}],"version-history":[{"count":1,"href":"http:\/\/ekonomik.opole.pl\/eko3\/wp-json\/wp\/v2\/posts\/999297\/revisions"}],"predecessor-version":[{"id":999299,"href":"http:\/\/ekonomik.opole.pl\/eko3\/wp-json\/wp\/v2\/posts\/999297\/revisions\/999299"}],"wp:featuredmedia":[{"embeddable":true,"href":"http:\/\/ekonomik.opole.pl\/eko3\/wp-json\/wp\/v2\/media\/992902"}],"wp:attachment":[{"href":"http:\/\/ekonomik.opole.pl\/eko3\/wp-json\/wp\/v2\/media?parent=999297"}],"wp:term":[{"taxonomy":"category","embeddable":true,"href":"http:\/\/ekonomik.opole.pl\/eko3\/wp-json\/wp\/v2\/categories?post=999297"},{"taxonomy":"post_tag","embeddable":true,"href":"http:\/\/ekonomik.opole.pl\/eko3\/wp-json\/wp\/v2\/tags?post=999297"}],"curies":[{"name":"wp","href":"https:\/\/api.w.org\/{rel}","templated":true}]}}