{"id":999298,"date":"2026-06-11T19:17:42","date_gmt":"2026-06-11T17:17:42","guid":{"rendered":"https:\/\/ekonomik.opole.pl\/eko3\/?p=999298"},"modified":"2026-06-11T19:17:43","modified_gmt":"2026-06-11T17:17:43","slug":"kazdy-krok-ma-znaczenie-o-idei-iv-charytatywnego-biegu-z-zonkilem","status":"publish","type":"post","link":"http:\/\/ekonomik.opole.pl\/eko3\/kazdy-krok-ma-znaczenie-o-idei-iv-charytatywnego-biegu-z-zonkilem\/","title":{"rendered":"\u201eKa\u017cdy krok ma znaczenie\u201d \u2013 o idei IV Charytatywnego Biegu z \u017bonkilem"},"content":{"rendered":"<div class=\"vgblk-rw-wrapper limit-wrapper\">\n<p>Mi\u0142o nam poinformowa\u0107, \u017ce w najnowszym wydaniu magazynu Efektorium Biz ukaza\u0142 si\u0119 obszerny artyku\u0142 po\u015bwi\u0119cony idei IV Charytatywnego Biegu z \u017bonkilem oraz wieloletniej wsp\u00f3\u0142pracy Zespo\u0142u Szk\u00f3\u0142 Ekonomicznych im. Gen. Stefana Roweckiego \u201eGrota\u201d w Opolu z Domowym Hospicjum dla Dzieci w Opolu.<\/p>\n\n\n\n<p><br>W wywiadzie Sylwia Sikorska-Stach, Izabela Tkocz oraz Anna Rogowska opowiadaj\u0105 o historii akcji Pola Nadziei, roli wolontariatu w \u017cyciu szko\u0142y, znaczeniu pomocy na rzecz podopiecznych Hospicjum oraz o tym, jak zrodzi\u0142 si\u0119 Charytatywny Bieg z \u017bonkilem.<\/p>\n\n\n\n<p><br>Zach\u0119camy do lektury artyku\u0142u, kt\u00f3ry pokazuje, \u017ce edukacja to nie tylko zdobywanie wiedzy, ale r\u00f3wnie\u017c kszta\u0142towanie postaw spo\u0142ecznych, empatii i odpowiedzialno\u015bci za drugiego cz\u0142owieka.<\/p>\n\n\n\n<p><br>Publikacja ukaza\u0142a si\u0119 w magazynie \u201eEfektorium Biz\u201d. Serdecznie dzi\u0119kujemy Redakcji za zainteresowanie nasz\u0105 inicjatyw\u0105 i mo\u017cliwo\u015b\u0107 opowiedzenia o dzia\u0142aniach realizowanych przez spo\u0142eczno\u015b\u0107 Ekonomika na rzecz Domowego Hospicjum dla Dzieci w Opolu.<\/p>\n\n\n\n<div style=\"height:36px\" aria-hidden=\"true\" class=\"wp-block-spacer\"><\/div>\n\n\n\n<p>Przeczytaj artyku\u0142 <strong><a href=\"https:\/\/ekonomik43-my.sharepoint.com\/:b:\/g\/personal\/arogowska_ekonomik43_onmicrosoft_com\/IQDyzn6Z2KesR5xiroFtVzT6AZZQlXWwK3WbkgjWIMKtbVw\" target=\"_blank\" rel=\"noreferrer noopener\"><span class=\"has-inline-color has-luminous-vivid-orange-color\">tutaj<\/span><\/a><\/strong><\/p>\n<\/div><!-- .vgblk-rw-wrapper -->","protected":false},"excerpt":{"rendered":"<p>Mi\u0142o nam poinformowa\u0107, \u017ce w najnowszym wydaniu magazynu Efektorium Biz ukaza\u0142 si\u0119 obszerny artyku\u0142 po\u015bwi\u0119cony idei IV Charytatywnego Biegu z \u017bonkilem oraz wieloletniej wsp\u00f3\u0142pracy Zespo\u0142u Szk\u00f3\u0142 Ekonomicznych im. Gen. Stefana Roweckiego \u201eGrota\u201d w Opolu z Domowym Hospicjum dla Dzieci w Opolu. W wywiadzie Sylwia Sikorska-Stach, Izabela Tkocz oraz Anna Rogowska opowiadaj\u0105 o historii akcji Pola&#8230;<\/p>\n","protected":false},"author":6,"featured_media":999183,"comment_status":"open","ping_status":"open","sticky":false,"template":"","format":"standard","meta":{"inline_featured_image":false},"categories":[208,296],"tags":[],"_links":{"self":[{"href":"http:\/\/ekonomik.opole.pl\/eko3\/wp-json\/wp\/v2\/posts\/999298"}],"collection":[{"href":"http:\/\/ekonomik.opole.pl\/eko3\/wp-json\/wp\/v2\/posts"}],"about":[{"href":"http:\/\/ekonomik.opole.pl\/eko3\/wp-json\/wp\/v2\/types\/post"}],"author":[{"embeddable":true,"href":"http:\/\/ekonomik.opole.pl\/eko3\/wp-json\/wp\/v2\/users\/6"}],"replies":[{"embeddable":true,"href":"http:\/\/ekonomik.opole.pl\/eko3\/wp-json\/wp\/v2\/comments?post=999298"}],"version-history":[{"count":1,"href":"http:\/\/ekonomik.opole.pl\/eko3\/wp-json\/wp\/v2\/posts\/999298\/revisions"}],"predecessor-version":[{"id":999300,"href":"http:\/\/ekonomik.opole.pl\/eko3\/wp-json\/wp\/v2\/posts\/999298\/revisions\/999300"}],"wp:featuredmedia":[{"embeddable":true,"href":"http:\/\/ekonomik.opole.pl\/eko3\/wp-json\/wp\/v2\/media\/999183"}],"wp:attachment":[{"href":"http:\/\/ekonomik.opole.pl\/eko3\/wp-json\/wp\/v2\/media?parent=999298"}],"wp:term":[{"taxonomy":"category","embeddable":true,"href":"http:\/\/ekonomik.opole.pl\/eko3\/wp-json\/wp\/v2\/categories?post=999298"},{"taxonomy":"post_tag","embeddable":true,"href":"http:\/\/ekonomik.opole.pl\/eko3\/wp-json\/wp\/v2\/tags?post=999298"}],"curies":[{"name":"wp","href":"https:\/\/api.w.org\/{rel}","templated":true}]}}