{"id":999302,"date":"2026-06-10T17:15:00","date_gmt":"2026-06-10T15:15:00","guid":{"rendered":"https:\/\/ekonomik.opole.pl\/eko3\/?p=999302"},"modified":"2026-06-16T00:23:29","modified_gmt":"2026-06-15T22:23:29","slug":"remigiusz-lukasik-finalista-konkursu-inzynierowie-przyszlosci","status":"publish","type":"post","link":"http:\/\/ekonomik.opole.pl\/eko3\/remigiusz-lukasik-finalista-konkursu-inzynierowie-przyszlosci\/","title":{"rendered":"Remigiusz \u0141ukasik finalist\u0105 konkursu \u201eIn\u017cynierowie Przysz\u0142o\u015bci\u201d"},"content":{"rendered":"<div class=\"vgblk-rw-wrapper limit-wrapper\">\n<p>Mamy \u015bwietne wie\u015bci! <\/p>\n\n\n\n<p>Nasz ucze\u0144 Remigiusz \u0141ukasik zosta\u0142 finalist\u0105 konkursu \u201eIn\u017cynierowie Przysz\u0142o\u015bci\u201d (Fundacja ORLEN), a w nagrod\u0119 otrzyma\u0142 150 punkt\u00f3w w rekrutacji na wybrane kierunki w AGH w Krakowie!<\/p>\n\n\n\n<p>To ogromne wyr\u00f3\u017cnienie i przepustka na studia marze\u0144. Remigiuszu<br>\u2014 gratulujemy! <\/p>\n<\/div><!-- .vgblk-rw-wrapper -->","protected":false},"excerpt":{"rendered":"<p>Mamy \u015bwietne wie\u015bci! Nasz ucze\u0144 Remigiusz \u0141ukasik zosta\u0142 finalist\u0105 konkursu \u201eIn\u017cynierowie Przysz\u0142o\u015bci\u201d (Fundacja ORLEN), a w nagrod\u0119 otrzyma\u0142 150 punkt\u00f3w w rekrutacji na wybrane kierunki w AGH w Krakowie! To ogromne wyr\u00f3\u017cnienie i przepustka na studia marze\u0144. Remigiuszu\u2014 gratulujemy!<\/p>\n","protected":false},"author":6,"featured_media":999303,"comment_status":"open","ping_status":"open","sticky":false,"template":"","format":"standard","meta":{"inline_featured_image":false},"categories":[220,186,90],"tags":[],"_links":{"self":[{"href":"http:\/\/ekonomik.opole.pl\/eko3\/wp-json\/wp\/v2\/posts\/999302"}],"collection":[{"href":"http:\/\/ekonomik.opole.pl\/eko3\/wp-json\/wp\/v2\/posts"}],"about":[{"href":"http:\/\/ekonomik.opole.pl\/eko3\/wp-json\/wp\/v2\/types\/post"}],"author":[{"embeddable":true,"href":"http:\/\/ekonomik.opole.pl\/eko3\/wp-json\/wp\/v2\/users\/6"}],"replies":[{"embeddable":true,"href":"http:\/\/ekonomik.opole.pl\/eko3\/wp-json\/wp\/v2\/comments?post=999302"}],"version-history":[{"count":1,"href":"http:\/\/ekonomik.opole.pl\/eko3\/wp-json\/wp\/v2\/posts\/999302\/revisions"}],"predecessor-version":[{"id":999304,"href":"http:\/\/ekonomik.opole.pl\/eko3\/wp-json\/wp\/v2\/posts\/999302\/revisions\/999304"}],"wp:featuredmedia":[{"embeddable":true,"href":"http:\/\/ekonomik.opole.pl\/eko3\/wp-json\/wp\/v2\/media\/999303"}],"wp:attachment":[{"href":"http:\/\/ekonomik.opole.pl\/eko3\/wp-json\/wp\/v2\/media?parent=999302"}],"wp:term":[{"taxonomy":"category","embeddable":true,"href":"http:\/\/ekonomik.opole.pl\/eko3\/wp-json\/wp\/v2\/categories?post=999302"},{"taxonomy":"post_tag","embeddable":true,"href":"http:\/\/ekonomik.opole.pl\/eko3\/wp-json\/wp\/v2\/tags?post=999302"}],"curies":[{"name":"wp","href":"https:\/\/api.w.org\/{rel}","templated":true}]}}