{"id":999315,"date":"2026-06-24T13:49:01","date_gmt":"2026-06-24T11:49:01","guid":{"rendered":"https:\/\/ekonomik.opole.pl\/eko3\/?p=999315"},"modified":"2026-06-24T13:49:02","modified_gmt":"2026-06-24T11:49:02","slug":"uroczyste-zakonczenie-roku-szkolnego-2","status":"publish","type":"post","link":"http:\/\/ekonomik.opole.pl\/eko3\/uroczyste-zakonczenie-roku-szkolnego-2\/","title":{"rendered":"Uroczyste zako\u0144czenie roku szkolnego"},"content":{"rendered":"<div class=\"vgblk-rw-wrapper limit-wrapper\">\n<p>Uroczyste zako\u0144czenie roku szkolnego 2025\/2026 odb\u0119dzie si\u0119 w dniu 26.06.2026 (pi\u0105tek) zgodnie z harmonogramem:<\/p>\n\n\n\n<div style=\"height:26px\" aria-hidden=\"true\" class=\"wp-block-spacer\"><\/div>\n\n\n\n<p>8.00 &#8211; Msza \u015awi\u0119ta w Ko\u015bciele Piotra i Paw\u0142a,<\/p>\n\n\n\n<p>9.00 &#8211; Oficjalne zako\u0144czenie roku szkolnego na boisku szkolnym.<\/p>\n\n\n\n<p>Po cz\u0119\u015bci oficjalnej odb\u0119d\u0105 spotkania z wychowawcami w wyznaczonych salach.<\/p>\n\n\n\n<div style=\"height:28px\" aria-hidden=\"true\" class=\"wp-block-spacer\"><\/div>\n\n\n\n<p>Serdecznie zapraszamy.<\/p>\n<\/div><!-- .vgblk-rw-wrapper -->","protected":false},"excerpt":{"rendered":"<p>Uroczyste zako\u0144czenie roku szkolnego 2025\/2026 odb\u0119dzie si\u0119 w dniu 26.06.2026 (pi\u0105tek) zgodnie z harmonogramem: 8.00 &#8211; Msza \u015awi\u0119ta w Ko\u015bciele Piotra i Paw\u0142a, 9.00 &#8211; Oficjalne zako\u0144czenie roku szkolnego na boisku szkolnym. Po cz\u0119\u015bci oficjalnej odb\u0119d\u0105 spotkania z wychowawcami w wyznaczonych salach. Serdecznie zapraszamy.<\/p>\n","protected":false},"author":6,"featured_media":999316,"comment_status":"open","ping_status":"open","sticky":false,"template":"","format":"standard","meta":{"inline_featured_image":false},"categories":[322],"tags":[],"_links":{"self":[{"href":"http:\/\/ekonomik.opole.pl\/eko3\/wp-json\/wp\/v2\/posts\/999315"}],"collection":[{"href":"http:\/\/ekonomik.opole.pl\/eko3\/wp-json\/wp\/v2\/posts"}],"about":[{"href":"http:\/\/ekonomik.opole.pl\/eko3\/wp-json\/wp\/v2\/types\/post"}],"author":[{"embeddable":true,"href":"http:\/\/ekonomik.opole.pl\/eko3\/wp-json\/wp\/v2\/users\/6"}],"replies":[{"embeddable":true,"href":"http:\/\/ekonomik.opole.pl\/eko3\/wp-json\/wp\/v2\/comments?post=999315"}],"version-history":[{"count":1,"href":"http:\/\/ekonomik.opole.pl\/eko3\/wp-json\/wp\/v2\/posts\/999315\/revisions"}],"predecessor-version":[{"id":999317,"href":"http:\/\/ekonomik.opole.pl\/eko3\/wp-json\/wp\/v2\/posts\/999315\/revisions\/999317"}],"wp:featuredmedia":[{"embeddable":true,"href":"http:\/\/ekonomik.opole.pl\/eko3\/wp-json\/wp\/v2\/media\/999316"}],"wp:attachment":[{"href":"http:\/\/ekonomik.opole.pl\/eko3\/wp-json\/wp\/v2\/media?parent=999315"}],"wp:term":[{"taxonomy":"category","embeddable":true,"href":"http:\/\/ekonomik.opole.pl\/eko3\/wp-json\/wp\/v2\/categories?post=999315"},{"taxonomy":"post_tag","embeddable":true,"href":"http:\/\/ekonomik.opole.pl\/eko3\/wp-json\/wp\/v2\/tags?post=999315"}],"curies":[{"name":"wp","href":"https:\/\/api.w.org\/{rel}","templated":true}]}}