{"id":999386,"date":"2026-08-13T18:15:00","date_gmt":"2026-08-13T16:15:00","guid":{"rendered":"https:\/\/ekonomik.opole.pl\/eko3\/?p=999386"},"modified":"2026-08-14T02:45:19","modified_gmt":"2026-08-14T00:45:19","slug":"szkola-zamknieta-w-dniu-14-08","status":"publish","type":"post","link":"http:\/\/ekonomik.opole.pl\/eko3\/szkola-zamknieta-w-dniu-14-08\/","title":{"rendered":"Szko\u0142a zamkni\u0119ta w dniu 14.08"},"content":{"rendered":"<div class=\"vgblk-rw-wrapper limit-wrapper\">\n<p>Uprzejmie informujemy, \u017ce w dniu 14.08 (pi\u0105tek) budynek szko\u0142y b\u0119dzie zamkni\u0119ty. Zapraszamy ponownie w poniedzia\u0142ek.<\/p>\n<\/div><!-- .vgblk-rw-wrapper -->","protected":false},"excerpt":{"rendered":"<p>Uprzejmie informujemy, \u017ce w dniu 14.08 (pi\u0105tek) budynek szko\u0142y b\u0119dzie zamkni\u0119ty. Zapraszamy ponownie w poniedzia\u0142ek.<\/p>\n","protected":false},"author":6,"featured_media":997944,"comment_status":"open","ping_status":"open","sticky":false,"template":"","format":"standard","meta":{"inline_featured_image":false},"categories":[322],"tags":[],"_links":{"self":[{"href":"http:\/\/ekonomik.opole.pl\/eko3\/wp-json\/wp\/v2\/posts\/999386"}],"collection":[{"href":"http:\/\/ekonomik.opole.pl\/eko3\/wp-json\/wp\/v2\/posts"}],"about":[{"href":"http:\/\/ekonomik.opole.pl\/eko3\/wp-json\/wp\/v2\/types\/post"}],"author":[{"embeddable":true,"href":"http:\/\/ekonomik.opole.pl\/eko3\/wp-json\/wp\/v2\/users\/6"}],"replies":[{"embeddable":true,"href":"http:\/\/ekonomik.opole.pl\/eko3\/wp-json\/wp\/v2\/comments?post=999386"}],"version-history":[{"count":1,"href":"http:\/\/ekonomik.opole.pl\/eko3\/wp-json\/wp\/v2\/posts\/999386\/revisions"}],"predecessor-version":[{"id":999387,"href":"http:\/\/ekonomik.opole.pl\/eko3\/wp-json\/wp\/v2\/posts\/999386\/revisions\/999387"}],"wp:featuredmedia":[{"embeddable":true,"href":"http:\/\/ekonomik.opole.pl\/eko3\/wp-json\/wp\/v2\/media\/997944"}],"wp:attachment":[{"href":"http:\/\/ekonomik.opole.pl\/eko3\/wp-json\/wp\/v2\/media?parent=999386"}],"wp:term":[{"taxonomy":"category","embeddable":true,"href":"http:\/\/ekonomik.opole.pl\/eko3\/wp-json\/wp\/v2\/categories?post=999386"},{"taxonomy":"post_tag","embeddable":true,"href":"http:\/\/ekonomik.opole.pl\/eko3\/wp-json\/wp\/v2\/tags?post=999386"}],"curies":[{"name":"wp","href":"https:\/\/api.w.org\/{rel}","templated":true}]}}