{"id":999389,"date":"2026-08-26T11:58:38","date_gmt":"2026-08-26T09:58:38","guid":{"rendered":"https:\/\/ekonomik.opole.pl\/eko3\/?p=999389"},"modified":"2026-08-26T11:58:39","modified_gmt":"2026-08-26T09:58:39","slug":"uroczyste-rozpoczecie-roku-szkolnego-2026-2027","status":"publish","type":"post","link":"http:\/\/ekonomik.opole.pl\/eko3\/uroczyste-rozpoczecie-roku-szkolnego-2026-2027\/","title":{"rendered":"Uroczyste rozpocz\u0119cie roku szkolnego 2026\/2027"},"content":{"rendered":"<div class=\"vgblk-rw-wrapper limit-wrapper\">\n<p>Rozpocz\u0119cie odb\u0119dzie si\u0119 wed\u0142ug harmonogramu:<\/p>\n\n\n\n<ol type=\"1\"><li>godz. 8.00 \u2013 msza \u015bw. dla ch\u0119tnych uczni\u00f3w w ko\u015bciele \u015bw. Piotra i Paw\u0142a<\/li><li>godz. 9.00 \u2013 rozpocz\u0119cie roku szkolnego \u2013 boisko szkolne, potem spotkania z wychowawcami w wyznaczonych salach lekcyjnych<\/li><\/ol>\n\n\n\n<p>w tym dniu przychodzimy do szko\u0142y w od\u015bwi\u0119tnym stroju.<\/p>\n\n\n\n<p><\/p>\n\n\n\n<p><strong>Spotkania z wychowawcami<\/strong> <strong>01 wrze\u015bnia 2026 r.<\/strong><\/p>\n\n\n\n<figure class=\"wp-block-table\"><table><tbody><tr><td><strong>klasa<\/strong><strong><\/strong><\/td><td><strong>zaw\u00f3d<\/strong><strong><\/strong><\/td><td><strong>Wychowawca<\/strong><strong><\/strong><\/td><td><strong>sala<\/strong><strong><\/strong><\/td><\/tr><tr><td><strong>1a<\/strong><\/td><td><strong>&nbsp;&nbsp;&nbsp;&nbsp;&nbsp;&nbsp;&nbsp;&nbsp;&nbsp;&nbsp; <\/strong>technik fotografii i multimedi\u00f3w<\/td><td>Adam Skwira<\/td><td>52&nbsp;<\/td><\/tr><tr><td><strong>1b<\/strong><\/td><td>&nbsp;&nbsp;&nbsp;&nbsp;&nbsp;&nbsp;&nbsp;&nbsp;&nbsp;&nbsp; technik programista<\/td><td>Patrycja Borczy\u0144ska<\/td><td>5<\/td><\/tr><tr><td><strong>1c<\/strong><\/td><td>&nbsp;&nbsp;&nbsp;&nbsp;&nbsp;&nbsp;&nbsp;&nbsp;&nbsp;&nbsp; technik rachunkowo\u015bci<\/td><td>Anna Suchi\u0144ska<\/td><td>21<\/td><\/tr><tr><td><strong>1d<\/strong><\/td><td>&nbsp;&nbsp;&nbsp;&nbsp;&nbsp;&nbsp;&nbsp;&nbsp;&nbsp;&nbsp; technik ekonomista<\/td><td>Izabela Go\u0142og\u00f3rska<\/td><td>38<\/td><\/tr><tr><td><strong>1e<\/strong><\/td><td>&nbsp;&nbsp;&nbsp;&nbsp;&nbsp;&nbsp;&nbsp;&nbsp;&nbsp;&nbsp; technik reklamy<\/td><td>Alicja Buczkowska<\/td><td>56<\/td><\/tr><tr><td><strong>1f<\/strong><\/td><td>&nbsp;&nbsp;&nbsp;&nbsp;&nbsp;&nbsp;&nbsp;&nbsp;&nbsp;&nbsp; technik logistyk<\/td><td>Stanis\u0142aw Hadyna<\/td><td>40<\/td><\/tr><tr><td><strong>1g<\/strong><\/td><td>1 g1 \u2013 technik grafiki i poligrafii cyfrowej 1 g2 &#8211; &nbsp;technik logistyk<\/td><td>Renata Peszko<\/td><td>2<\/td><\/tr><tr><td><strong>2a<\/strong><\/td><td>&nbsp;&nbsp;&nbsp;&nbsp;&nbsp;&nbsp;&nbsp;&nbsp;&nbsp;&nbsp; technik fotografii i multimedi\u00f3w<\/td><td>Marta Nagi<\/td><td>54<\/td><\/tr><tr><td><strong>2b<\/strong><\/td><td>2 b1 \u2013 technik programista 2 b2 \u2013 technik rachunkowo\u015bci<\/td><td>Marta Polok<\/td><td>6<\/td><\/tr><tr><td><strong>2c<\/strong><\/td><td>&nbsp;&nbsp;&nbsp;&nbsp;&nbsp;&nbsp; technik grafiki i poligrafii cyfrowej &nbsp;<\/td><td>Izabela Tkocz<\/td><td>30<\/td><\/tr><tr><td><strong>2d<\/strong><\/td><td>&nbsp;&nbsp;&nbsp;&nbsp;&nbsp;&nbsp;&nbsp;&nbsp;&nbsp;&nbsp; technik ekonomista<\/td><td>Anna Podleska<\/td><td>53<\/td><\/tr><tr><td><strong>2e<\/strong><\/td><td>&nbsp;&nbsp;&nbsp;&nbsp;&nbsp;&nbsp;&nbsp;&nbsp;&nbsp;&nbsp; technik reklamy<\/td><td>Monika Ku\u017anik<\/td><td>4<\/td><\/tr><tr><td><strong>2f<\/strong><\/td><td>&nbsp;&nbsp;&nbsp;&nbsp;&nbsp;&nbsp;&nbsp;&nbsp;&nbsp;&nbsp; technik logistyk<\/td><td>Janina Ficek<\/td><td>20<\/td><\/tr><tr><td><strong>3a<\/strong><strong><\/strong><\/td><td>3 a1 \u2013 technik fotografii i multimedi\u00f3w 3 a2 \u2013 technik grafiki i poligrafii cyfrowej 3 a3 &#8211; technik reklamy<\/td><td>Magdalena Brosz<\/td><td>36<\/td><\/tr><tr><td><strong>3b<\/strong><strong><\/strong><\/td><td>&nbsp;&nbsp;&nbsp;&nbsp;&nbsp;&nbsp;&nbsp;&nbsp;&nbsp;&nbsp; technik programista<\/td><td>Mariusz Wojas<\/td><td>Czyt.<\/td><\/tr><tr><td><strong>3c<\/strong><strong><\/strong><\/td><td>3 c1 \u2013 technik ekonomista 3 c2 \u2013 technik rachunkowo\u015bci<\/td><td>Anna Kornek<\/td><td>48<\/td><\/tr><tr><td><strong>3d<\/strong><strong><\/strong><\/td><td>&nbsp;&nbsp;&nbsp;&nbsp;&nbsp;&nbsp;&nbsp;&nbsp;&nbsp;&nbsp; technik logistyk<\/td><td>Ma\u0142gorzata Kochanowska<\/td><td>57<\/td><\/tr><tr><td><strong>4a<\/strong><strong><\/strong><\/td><td>4 a1 \u2013 technik fotografii i multimedi\u00f3w 4 a2 \u2013 technik ekonomista<\/td><td>Edyta Ko\u015bcielak<\/td><td>49<\/td><\/tr><tr><td><strong>4b<\/strong><strong><\/strong><\/td><td>4 b1 \u2013 technik programista 4 b2 \u2013 technik grafiki i poligrafii cyfrowej<\/td><td>Beata Krywalska &#8211; Wlaz\u0142o<\/td><td>50<\/td><\/tr><tr><td><strong>4c<\/strong><strong><\/strong><\/td><td>&nbsp;&nbsp;&nbsp;&nbsp;&nbsp;&nbsp;&nbsp;&nbsp;&nbsp;&nbsp; technik ekonomista<\/td><td>&nbsp;Katarzyna \u017bukowska<\/td><td>22<\/td><\/tr><tr><td><strong>4d<\/strong><strong><\/strong><\/td><td>&nbsp;&nbsp;&nbsp;&nbsp;&nbsp;&nbsp;&nbsp;&nbsp;&nbsp;&nbsp; technik rachunkowo\u015bci<\/td><td>Anna Matyaszczuk<\/td><td>35<\/td><\/tr><tr><td><strong>4e<\/strong><strong><\/strong><\/td><td>&nbsp;&nbsp;&nbsp;&nbsp;&nbsp;&nbsp;&nbsp;&nbsp;&nbsp;&nbsp; technik reklamy<\/td><td>Olga Wilkowska<\/td><td>28<\/td><\/tr><tr><td><strong>4f<\/strong><strong><\/strong><\/td><td>&nbsp;&nbsp;&nbsp;&nbsp;&nbsp;&nbsp;&nbsp;&nbsp;&nbsp;&nbsp; technik logistyk<\/td><td>Iwona Krakowiak &#8211; Bzymek<\/td><td>31<\/td><\/tr><tr><td><strong>5a<\/strong><strong><\/strong><\/td><td>5 a1 \u2013 technik fotografii i multimedi\u00f3w 5 a2 \u2013 technik programista<\/td><td>Sebastian Tabo\u0142<\/td><td>27<\/td><\/tr><tr><td><strong>5b<\/strong><strong><\/strong><\/td><td>&nbsp;&nbsp;&nbsp;&nbsp;&nbsp;&nbsp;&nbsp;&nbsp;&nbsp;&nbsp; technik rachunkowo\u015bci<\/td><td>Ma\u0142gorzata Rapacz<\/td><td>25<\/td><\/tr><tr><td><strong>5c<\/strong><strong><\/strong><\/td><td>&nbsp;&nbsp;&nbsp;&nbsp;&nbsp;&nbsp;&nbsp;&nbsp;&nbsp;&nbsp; technik ekonomista<\/td><td>Katarzyna Romanowska<\/td><td>41<\/td><\/tr><tr><td><strong>5d<\/strong><strong><\/strong><\/td><td>5 d1 \u2013 technik ekonomista 5 d2 \u2013 technik logistyk<\/td><td>Aneta Teper \u2013 \u0106wirko<\/td><td>39<\/td><\/tr><tr><td><strong>5e<\/strong><strong><\/strong><\/td><td>&nbsp;&nbsp;&nbsp;&nbsp;&nbsp;&nbsp;&nbsp;&nbsp;&nbsp;&nbsp; technik reklamy<\/td><td>Urszula Izdebska<\/td><td>8<\/td><\/tr><tr><td><strong>5f<\/strong><strong><\/strong><\/td><td>&nbsp;&nbsp;&nbsp;&nbsp;&nbsp;&nbsp;&nbsp;&nbsp;&nbsp;&nbsp; technik logistyk<\/td><td>Ma\u0142gorzata Ja\u015bkiewicz<\/td><td>33<\/td><\/tr><tr><td><strong>5g<\/strong><strong><\/strong><\/td><td>&nbsp;&nbsp;&nbsp;&nbsp;&nbsp;&nbsp;&nbsp;&nbsp;&nbsp;&nbsp; technik grafiki i poligrafii cyfrowej<\/td><td>Rafa\u0142 Krzyszta\u0142owicz<\/td><td>34<\/td><\/tr><\/tbody><\/table><\/figure>\n<\/div><!-- .vgblk-rw-wrapper -->","protected":false},"excerpt":{"rendered":"<p>Rozpocz\u0119cie odb\u0119dzie si\u0119 wed\u0142ug harmonogramu: godz. 8.00 \u2013 msza \u015bw. dla ch\u0119tnych uczni\u00f3w w ko\u015bciele \u015bw. Piotra i Paw\u0142a godz. 9.00 \u2013 rozpocz\u0119cie roku szkolnego \u2013 boisko szkolne, potem spotkania z wychowawcami w wyznaczonych salach lekcyjnych w tym dniu przychodzimy do szko\u0142y w od\u015bwi\u0119tnym stroju. Spotkania z wychowawcami 01 wrze\u015bnia 2026 r. klasa zaw\u00f3d Wychowawca&#8230;<\/p>\n","protected":false},"author":6,"featured_media":999390,"comment_status":"open","ping_status":"open","sticky":false,"template":"","format":"standard","meta":{"inline_featured_image":false},"categories":[322],"tags":[],"_links":{"self":[{"href":"http:\/\/ekonomik.opole.pl\/eko3\/wp-json\/wp\/v2\/posts\/999389"}],"collection":[{"href":"http:\/\/ekonomik.opole.pl\/eko3\/wp-json\/wp\/v2\/posts"}],"about":[{"href":"http:\/\/ekonomik.opole.pl\/eko3\/wp-json\/wp\/v2\/types\/post"}],"author":[{"embeddable":true,"href":"http:\/\/ekonomik.opole.pl\/eko3\/wp-json\/wp\/v2\/users\/6"}],"replies":[{"embeddable":true,"href":"http:\/\/ekonomik.opole.pl\/eko3\/wp-json\/wp\/v2\/comments?post=999389"}],"version-history":[{"count":1,"href":"http:\/\/ekonomik.opole.pl\/eko3\/wp-json\/wp\/v2\/posts\/999389\/revisions"}],"predecessor-version":[{"id":999391,"href":"http:\/\/ekonomik.opole.pl\/eko3\/wp-json\/wp\/v2\/posts\/999389\/revisions\/999391"}],"wp:featuredmedia":[{"embeddable":true,"href":"http:\/\/ekonomik.opole.pl\/eko3\/wp-json\/wp\/v2\/media\/999390"}],"wp:attachment":[{"href":"http:\/\/ekonomik.opole.pl\/eko3\/wp-json\/wp\/v2\/media?parent=999389"}],"wp:term":[{"taxonomy":"category","embeddable":true,"href":"http:\/\/ekonomik.opole.pl\/eko3\/wp-json\/wp\/v2\/categories?post=999389"},{"taxonomy":"post_tag","embeddable":true,"href":"http:\/\/ekonomik.opole.pl\/eko3\/wp-json\/wp\/v2\/tags?post=999389"}],"curies":[{"name":"wp","href":"https:\/\/api.w.org\/{rel}","templated":true}]}}