{"id":999392,"date":"2026-08-26T18:20:05","date_gmt":"2026-08-26T16:20:05","guid":{"rendered":"https:\/\/ekonomik.opole.pl\/eko3\/?p=999392"},"modified":"2026-08-26T18:20:44","modified_gmt":"2026-08-26T16:20:44","slug":"marszalkowski-program-stypendialny-dla-uczniow-szkol-i-placowek-ksztalcenia-zawodowego-wojewodztwa-opolskiego-etap-ii","status":"publish","type":"post","link":"http:\/\/ekonomik.opole.pl\/eko3\/marszalkowski-program-stypendialny-dla-uczniow-szkol-i-placowek-ksztalcenia-zawodowego-wojewodztwa-opolskiego-etap-ii\/","title":{"rendered":"Marsza\u0142kowski Program Stypendialny dla uczni\u00f3w szk\u00f3\u0142 i plac\u00f3wek kszta\u0142cenia zawodowego wojew\u00f3dztwa opolskiego \u2013 etap II"},"content":{"rendered":"<div class=\"vgblk-rw-wrapper limit-wrapper\">\n<p>Zarz\u0105d Wojew\u00f3dztwa Opolskiego og\u0142asza nab\u00f3r wniosk\u00f3w o przyznanie stypendium w ramach projektu \u201eMarsza\u0142kowski Program Stypendialny dla uczni\u00f3w szk\u00f3\u0142 i plac\u00f3wek kszta\u0142cenia zawodowego wojew\u00f3dztwa opolskiego \u2013 etap II\u201d, w ramach Dzia\u0142ania 5.8 Programy pomocy stypendialnej, Programu Regionalnego Fundusze Europejskie dla Opolskiego na lata 2021 do 2027.&nbsp;<\/p>\n\n\n\n<p>Marsza\u0142kowski Program Stypendialny dla uczni\u00f3w szk\u00f3\u0142 i plac\u00f3wek kszta\u0142cenia zawodowego wojew\u00f3dztwa opolskiego skierowany jest do zdolnych uczni\u00f3w ucz\u0119szczaj\u0105cych do szko\u0142y prowadz\u0105cej kszta\u0142cenie zawodowe lub artystyczne na terenie wojew\u00f3dztwa opolskiego znajduj\u0105cy si\u0119 w niekorzystnej sytuacji (z grup defaworyzowanych).<\/p>\n\n\n\n<p>Regulamin stypendialny oraz wzory dokument\u00f3w, niezb\u0119dnych do z\u0142o\u017cenia wniosku, dost\u0119pne s\u0105 poni\u017cej\u00a0lub na stronie internetowej\u00a0<a rel=\"noreferrer noopener\" target=\"_blank\" href=\"http:\/\/www.opolskie.pl\/\">www.opolskie.pl<\/a>\u00a0w zak\u0142adce REGION.<\/p>\n\n\n\n<p><strong>Nab\u00f3r wniosk\u00f3w przeprowadzony b\u0119dzie od 7 wrze\u015bnia do 18 wrze\u015bnia br.<\/strong><\/p>\n\n\n\n<p>Szczeg\u00f3\u0142owych informacji odno\u015bnie programu stypendialnego udziela Departament Edukacji i Rynku Pracy pod numerem tel. tel.: 77 44 45 544, 77 44 45 591, 77 44 45 540.<\/p>\n\n\n\n<p>Pliki do pobrania:<\/p>\n\n\n\n<p><a href=\"https:\/\/ekonomik.opole.pl\/dokumenty\/smwo\/regulamin.pdf\" target=\"_blank\" rel=\"noreferrer noopener\"><strong>Regulamin<\/strong><\/a><br><strong><a href=\"https:\/\/ekonomik.opole.pl\/dokumenty\/smwo\/zal_nr_1_wniosek.pdf\" target=\"_blank\" rel=\"noreferrer noopener\">Za\u0142. 1 &#8211; Wniosek<\/a><\/strong><br><strong><a href=\"https:\/\/ekonomik.opole.pl\/dokumenty\/smwo\/zal_nr_2_zaswiadczenie.pdf\" target=\"_blank\" rel=\"noreferrer noopener\">Za\u0142. 2. &#8211; Za\u015bwiadczenie<\/a><\/strong><\/p>\n<\/div><!-- .vgblk-rw-wrapper -->","protected":false},"excerpt":{"rendered":"<p>Zarz\u0105d Wojew\u00f3dztwa Opolskiego og\u0142asza nab\u00f3r wniosk\u00f3w o przyznanie stypendium w ramach projektu \u201eMarsza\u0142kowski Program Stypendialny dla uczni\u00f3w szk\u00f3\u0142 i plac\u00f3wek kszta\u0142cenia zawodowego wojew\u00f3dztwa opolskiego \u2013 etap II\u201d, w ramach Dzia\u0142ania 5.8 Programy pomocy stypendialnej, Programu Regionalnego Fundusze Europejskie dla Opolskiego na lata 2021 do 2027.&nbsp; Marsza\u0142kowski Program Stypendialny dla uczni\u00f3w szk\u00f3\u0142 i plac\u00f3wek kszta\u0142cenia zawodowego&#8230;<\/p>\n","protected":false},"author":6,"featured_media":999393,"comment_status":"open","ping_status":"open","sticky":false,"template":"","format":"standard","meta":{"inline_featured_image":false},"categories":[188],"tags":[],"_links":{"self":[{"href":"http:\/\/ekonomik.opole.pl\/eko3\/wp-json\/wp\/v2\/posts\/999392"}],"collection":[{"href":"http:\/\/ekonomik.opole.pl\/eko3\/wp-json\/wp\/v2\/posts"}],"about":[{"href":"http:\/\/ekonomik.opole.pl\/eko3\/wp-json\/wp\/v2\/types\/post"}],"author":[{"embeddable":true,"href":"http:\/\/ekonomik.opole.pl\/eko3\/wp-json\/wp\/v2\/users\/6"}],"replies":[{"embeddable":true,"href":"http:\/\/ekonomik.opole.pl\/eko3\/wp-json\/wp\/v2\/comments?post=999392"}],"version-history":[{"count":2,"href":"http:\/\/ekonomik.opole.pl\/eko3\/wp-json\/wp\/v2\/posts\/999392\/revisions"}],"predecessor-version":[{"id":999395,"href":"http:\/\/ekonomik.opole.pl\/eko3\/wp-json\/wp\/v2\/posts\/999392\/revisions\/999395"}],"wp:featuredmedia":[{"embeddable":true,"href":"http:\/\/ekonomik.opole.pl\/eko3\/wp-json\/wp\/v2\/media\/999393"}],"wp:attachment":[{"href":"http:\/\/ekonomik.opole.pl\/eko3\/wp-json\/wp\/v2\/media?parent=999392"}],"wp:term":[{"taxonomy":"category","embeddable":true,"href":"http:\/\/ekonomik.opole.pl\/eko3\/wp-json\/wp\/v2\/categories?post=999392"},{"taxonomy":"post_tag","embeddable":true,"href":"http:\/\/ekonomik.opole.pl\/eko3\/wp-json\/wp\/v2\/tags?post=999392"}],"curies":[{"name":"wp","href":"https:\/\/api.w.org\/{rel}","templated":true}]}}