{"id":236,"count":1,"description":"","link":"http:\/\/ekonomik.opole.pl\/eko3\/tag\/mlodziez-w-dzialaniu\/","name":"M\u0142odzie\u017c w dzia\u0142aniu","slug":"mlodziez-w-dzialaniu","taxonomy":"post_tag","meta":[],"_links":{"self":[{"href":"http:\/\/ekonomik.opole.pl\/eko3\/wp-json\/wp\/v2\/tags\/236"}],"collection":[{"href":"http:\/\/ekonomik.opole.pl\/eko3\/wp-json\/wp\/v2\/tags"}],"about":[{"href":"http:\/\/ekonomik.opole.pl\/eko3\/wp-json\/wp\/v2\/taxonomies\/post_tag"}],"wp:post_type":[{"href":"http:\/\/ekonomik.opole.pl\/eko3\/wp-json\/wp\/v2\/posts?tags=236"}],"curies":[{"name":"wp","href":"https:\/\/api.w.org\/{rel}","templated":true}]}}